{"id":10588,"date":"2022-05-24T09:50:32","date_gmt":"2022-05-24T07:50:32","guid":{"rendered":"https:\/\/www.vivasalud.be\/?p=10588"},"modified":"2022-05-24T09:50:35","modified_gmt":"2022-05-24T07:50:35","slug":"rencontre-avec-les-membres-des-brigades-medicales-cubaines-henry-reeve","status":"publish","type":"post","link":"https:\/\/www.vivasalud.be\/en\/blog\/2022\/05\/24\/rencontre-avec-les-membres-des-brigades-medicales-cubaines-henry-reeve\/","title":{"rendered":"Rencontre avec les membres des brigades m\u00e9dicales cubaines Henry Reeve"},"content":{"rendered":"<p><strong>Le 9 mai dernier, nous avons eu la chance de rencontrer deux membres actives des brigades m\u00e9dicales de Cuba, la docteure Corria Lopez et l\u2019infirmi\u00e8re anesth\u00e9siste Mme Chacon Gonzalez. Elles \u00e9taient accompagn\u00e9es de l\u2019ambassadrice de Cuba en Belgique S.E. Yaira Jim\u00e9nez Roig et du chef de mission aupr\u00e8s de l\u2019ambassade : Juan Carlos Camacho Camero. Pour l\u2019occasion, elles sont revenues sur la transition impressionnante du syst\u00e8me de sant\u00e9 cubain depuis la R\u00e9volution et nous ont pr\u00e9sent\u00e9 les brigades m\u00e9dicales cubaines, ce regroupement de professionnel\u00b7le\u00b7s de sant\u00e9 volontaires, form\u00e9\u00b7e\u00b7s pour les situations d\u2019urgence, qui interviennent \u00e0 travers le monde sous la banni\u00e8re de la solidarit\u00e9 face aux d\u00e9sastres.<\/strong><\/p>\n\n\n\n<h2 class=\"wp-block-heading\"><strong>Transition du syst\u00e8me de sant\u00e9 de Cuba depuis 1959 et la R\u00e9volution<\/strong><\/h2>\n\n\n\n<p>Les caract\u00e9ristiques essentielles du syst\u00e8me de sant\u00e9 influent directement sur la vision de celui-ci, et affectent \u00e9galement la vision dont on se fait des patient\u00b7e\u00b7s. Pour le syst\u00e8me de sant\u00e9 de Cuba, la gratuit\u00e9 pour tou\u00b7te\u00b7s est un principe fondamental garanti par la Constitution cubaine. A la suite de de la R\u00e9volution de 1959 , sont apparus les pr\u00e9mices de ce syst\u00e8me m\u00e9dical et ce fut sur ces fondations et conditions que Cuba a construit un syst\u00e8me de sant\u00e9 fort, par la qualit\u00e9 des soins qu\u2019il d\u00e9livre, par le niveau des professionnel\u00b7le\u00b7s qu\u2019il fournit et par le nombre d\u2019infrastructures dont il dispose.<\/p>\n\n\n\n<p>La sant\u00e9 est aujourd\u2019hui une priorit\u00e9 nationale et cette transition a construit un syst\u00e8me public, universel et gratuit, en pla\u00e7ant les patient\u00b7e\u00b7s au centre du projet m\u00e9dical. Si le nombre de docteurs a \u00e9t\u00e9 multipli\u00e9 par 100, c\u2019est \u00e9galement la totalit\u00e9 des ressources humaines du secteur de la sant\u00e9 qui a \u00e9t\u00e9 renforc\u00e9e via la cr\u00e9ation de cursus acad\u00e9miques de formation vari\u00e9s (m\u00e9decins, infirmier\u00b7e\u00b7s, scientifiques, professeur\u00b7e\u00b7s, chercheur\u00b7euse\u00b7s, etc).<\/p>\n\n\n\n<p>La r\u00e9volution du syst\u00e8me de sant\u00e9 est aussi pass\u00e9e par l\u2019\u00e9dification de nouveaux h\u00f4pitaux, h\u00f4pitaux universitaires, de maternit\u00e9 et autres centres m\u00e9dicaux sp\u00e9cialis\u00e9s dans toutes les provinces. On d\u00e9nombre actuellement 290 h\u00f4pitaux sur l\u2019\u00eele.<\/p>\n\n\n\n<p>La transformation du syst\u00e8me de sant\u00e9 a aussi introduit, il y a 35 ans, une notion centrale : la m\u00e9decine familiale, ce qui le diff\u00e9rencie \u00e9norm\u00e9ment des syst\u00e8mes m\u00e9dicaux priv\u00e9s. Le fondement le plus notable de cette notion est la pr\u00e9vention des maladies, c\u2019est le principe qui doit \u00eatre au c\u0153ur du travail des professionnel\u00b7le\u00b7s de sant\u00e9, peu importe o\u00f9 ils et elles exercent. Cela doit faire partie de la personnalit\u00e9 des docteurs, le fait de vouloir pr\u00e9venir, soigner et sauver.<\/p>\n\n\n\n<p>D\u00e8s le d\u00e9but des changements structurels du syst\u00e8me de sant\u00e9, la volont\u00e9 de former un personnel comp\u00e9tent pour soigner et sauver les patient\u00b7e\u00b7s \u00e0 Cuba s\u2019est accompagn\u00e9e d\u2019une volont\u00e9 d\u2019envoyer ce personnel \u00e0 l\u2019\u00e9tranger, pour garantir les Droits Humains et plus particuli\u00e8rement le droit \u00e0 la sant\u00e9 pour tou\u00b7te\u00b7s \u00e0 travers le monde.<\/p>\n\n\n\n<h2 class=\"wp-block-heading\"><strong>Pr\u00e9sentation des brigades m\u00e9dicales cubaines<\/strong><\/h2>\n\n\n\n<p>Pour faire partie de ces brigades, les professionnel\u00b7le\u00b7s de sant\u00e9 doivent \u00eatre par\u00e9\u00b7e\u00b7s \u00e0 toute situation d\u2019urgence et conna\u00eetre les cons\u00e9quences directes et indirectes qu\u2019elles ont sur les personnes touch\u00e9es. Il faut donc beaucoup d\u2019entra\u00eenement pour traiter ce type de patient\u00b7e\u00b7s, c\u2019est pourquoi le gouvernement lance des appels pour former des professionnel\u00b7le\u00b7s en profondeur pour faire face \u00e0 ce type de situation. Les membres des brigades sont recrut\u00e9\u00b7e\u00b7s sur base volontaire, mais la plupart du personnel m\u00e9dical de Cuba est form\u00e9 \u00e0 ce genre de situation. Ce volontariat n\u00e9cessite en plus de manifester des qualit\u00e9s d\u2019altruisme et de solidarit\u00e9 car leur engagement signifie leur d\u00e9part, le fait de quitter leur famille pendant des p\u00e9riodes parfois longues et vers des conditions difficiles.<\/p>\n\n\n\n<p>Depuis l\u2019envoi de la premi\u00e8re d\u00e9l\u00e9gation m\u00e9dicale en 1963, les brigades m\u00e9dicales et leurs valeurs humaines ont \u00e9t\u00e9 pr\u00e9sentes dans diff\u00e9rentes situations. Quand Ban Ki-Moon, ancien secr\u00e9taire g\u00e9n\u00e9ral de l\u2019ONU, lance un appel d\u2019urgence en 2006 pour combattre Ebola, les brigades de sant\u00e9 de Cuba furent les premi\u00e8res \u00e0 r\u00e9pondre. La m\u00eame chose fut constat\u00e9 en Ha\u00efti, apr\u00e8s le tremblement de terre en 2010, des milliers de soignant\u00b7e\u00b7s ont r\u00e9pondu pr\u00e9sent\u00b7e\u00b7s pour prendre en charge les urgences et multi-trauma dans les premiers temps et sont ensuite rest\u00e9\u00b7e\u00b7s pour s\u2019occuper de la grave situation \u00e9pid\u00e9miologique qui a suivi. Lors de la mobilisation au Pakistan en 2005, l\u2019envoi de brigades avait alors pris moins de 24h. Ce qui d\u00e9montre la capacit\u00e9 de r\u00e9ponse rapide face \u00e0 de tels d\u00e9sastres. Pour obtenir une telle performance, toute leur communaut\u00e9 les soutient, les familles, les proches, les voisin\u00b7e\u00b7s se mobilisent pour que les membres des brigades partent rapidement et sereinement. De plus, dans le cas o\u00f9 un\u00b7e soignant\u00b7e appel\u00e9\u00b7e \u00e0 partir laisse derri\u00e8re lui quelqu\u2019un n\u00e9cessitant des soins, alors le gouvernement prend en charge ce qui est n\u00e9cessaire.<\/p>\n\n\n\n<p>Pour attester de la r\u00e9ussite du syst\u00e8me de sant\u00e9 cubain et des actions des brigades m\u00e9dicales, on peut citer les milliers de missions, dans 158 pays et les milliers de patient\u00b7e\u00b7s pris en charge. N\u00e9anmoins, elles et ils souhaitent surtout obtenir la reconnaissance qui leur est due plut\u00f4t que d&rsquo;\u00e9voquer les nombres, qui font penser \u00e0 une dette.<\/p>\n\n\n\n<p>Durant la pand\u00e9mie, la communaut\u00e9 scientifique s\u2019est r\u00e9unie pour trouver un vaccin, elle travaille actuellement sur cinq vaccins diff\u00e9rents qui permettent au pays d\u2019avoir une couverture vaccinale de 92% sur l\u2019\u00eele et qui ont pu \u00eatre fournis \u00e0 d\u2019autres pays comme le Venezuela. Mais l\u2019OMS n\u2019a pas voulu les commercialiser et ne reconna\u00eet pas leur efficacit\u00e9, malgr\u00e9 les exemples. Ils savent que les USA ont beaucoup d\u2019influence sur le sujet, pour approuver l\u2019usage du vaccin cubain pour le reste du monde.<\/p>\n\n\n\n<h2 class=\"wp-block-heading\"><strong>Un syst\u00e8me de sant\u00e9 tourn\u00e9 <\/strong><strong>vers<\/strong><strong> la solidarit\u00e9 humaine<\/strong><\/h2>\n\n\n\n<p>La Dr. Corria Lopez indique que tou\u00b7te\u00b7s les docteurs ont le m\u00eame objectif pendant leur&nbsp;formation : celui de sauver les patient\u00b7e\u00b7s. C&rsquo;est pour cette raison, que les brigades cubaines sont&nbsp;extr\u00eamement efficaces et r\u00e9sistantes.<\/p>\n\n\n\n<p>L\u2019ambassadrice de Cuba, Yaira Jim\u00e9nez Roig, indique qu\u2019apr\u00e8s les nombreuses d\u00e9monstrations de l\u2019efficacit\u00e9 des brigades m\u00e9dicales cubaines, notamment face aux d\u00e9sastres climatiques, la proposition d\u2019envoyer les brigades pour r\u00e9pondre aux d\u00e9sastres de l\u2019ouragan Katrina aux USA n\u2019a re\u00e7u aucune r\u00e9ponse du gouvernement des \u00c9tats-Unis.<\/p>\n\n\n\n<p>Les r\u00e9ponses et aides des brigades pendant la pand\u00e9mie leurs ont valu une nomination au Prix Nobel. La pand\u00e9mie a r\u00e9v\u00e9l\u00e9 les manquements de pays qu\u2019on pensait avoir des ressources et moyens technologiques avanc\u00e9s en termes de sant\u00e9. Mais en r\u00e9alit\u00e9 lorsqu\u2019on les compare au syst\u00e8me de sant\u00e9 de Cuba, bas\u00e9 sur la gratuit\u00e9 et la solidarit\u00e9, cela prouve que ce sont ce sont ces qualit\u00e9s qui en font un syst\u00e8me comp\u00e9tent. Pour Cuba, l\u2019essence de la m\u00e9decine doit \u00eatre la solidarit\u00e9 humaine.<\/p>\n\n\n\n<p><a href=\"https:\/\/www.cubanismo.be\/fr\/articles\/rencontre-avec-les-membres-des-brigades-m-dicales-henry-reeve\" target=\"_blank\" rel=\"noreferrer noopener\">Retrouvez l\u2019article complet le site de cubanismo.be<\/a>.<\/p>","protected":false},"excerpt":{"rendered":"<p>Le 9 mai dernier, nous avons eu la chance de rencontrer deux membres actives des brigades m\u00e9dicales de Cuba. Pour l\u2019occasion, elles sont revenues sur la transition impressionnante du syst\u00e8me de sant\u00e9 cubain depuis la R\u00e9volution et nous ont pr\u00e9sent\u00e9 les brigades m\u00e9dicales cubaines, ce regroupement de professionnel\u00b7le\u00b7s de sant\u00e9 volontaires, form\u00e9\u00b7e\u00b7s pour les situations d\u2019urgence, qui interviennent \u00e0 travers le monde sous la banni\u00e8re de la solidarit\u00e9 face aux d\u00e9sastres.<\/p>","protected":false},"author":15,"featured_media":10589,"comment_status":"closed","ping_status":"closed","sticky":false,"template":"","format":"standard","meta":{"_acf_changed":false,"_seopress_robots_primary_cat":"","_seopress_titles_title":"","_seopress_titles_desc":"Nous avons rencontr\u00e9 2 membres actives des brigades m\u00e9dicales de Cuba qui interviennent \u00e0 travers le monde sous la banni\u00e8re de la solidarit\u00e9.","_seopress_robots_index":"","footnotes":""},"categories":[896],"tags":[147,507,401],"pays":[],"class_list":["post-10588","post","type-post","status-publish","format-standard","has-post-thumbnail","hentry","category-actualites","tag-cuba-2-fr","tag-cubanismo-fr","tag-droit-a-la-sante"],"acf":[],"_links":{"self":[{"href":"https:\/\/www.vivasalud.be\/en\/wp-json\/wp\/v2\/posts\/10588","targetHints":{"allow":["GET"]}}],"collection":[{"href":"https:\/\/www.vivasalud.be\/en\/wp-json\/wp\/v2\/posts"}],"about":[{"href":"https:\/\/www.vivasalud.be\/en\/wp-json\/wp\/v2\/types\/post"}],"author":[{"embeddable":true,"href":"https:\/\/www.vivasalud.be\/en\/wp-json\/wp\/v2\/users\/15"}],"replies":[{"embeddable":true,"href":"https:\/\/www.vivasalud.be\/en\/wp-json\/wp\/v2\/comments?post=10588"}],"version-history":[{"count":0,"href":"https:\/\/www.vivasalud.be\/en\/wp-json\/wp\/v2\/posts\/10588\/revisions"}],"wp:featuredmedia":[{"embeddable":true,"href":"https:\/\/www.vivasalud.be\/en\/wp-json\/wp\/v2\/media\/10589"}],"wp:attachment":[{"href":"https:\/\/www.vivasalud.be\/en\/wp-json\/wp\/v2\/media?parent=10588"}],"wp:term":[{"taxonomy":"category","embeddable":true,"href":"https:\/\/www.vivasalud.be\/en\/wp-json\/wp\/v2\/categories?post=10588"},{"taxonomy":"post_tag","embeddable":true,"href":"https:\/\/www.vivasalud.be\/en\/wp-json\/wp\/v2\/tags?post=10588"},{"taxonomy":"pays","embeddable":true,"href":"https:\/\/www.vivasalud.be\/en\/wp-json\/wp\/v2\/pays?post=10588"}],"curies":[{"name":"wp","href":"https:\/\/api.w.org\/{rel}","templated":true}]}}