{"id":12370,"date":"2022-11-30T14:47:29","date_gmt":"2022-11-30T13:47:29","guid":{"rendered":"https:\/\/www.vivasalud.be\/?p=12370"},"modified":"2022-12-19T16:41:53","modified_gmt":"2022-12-19T15:41:53","slug":"philippines-les-soignantes-doivent-aussi-etre-militantes","status":"publish","type":"post","link":"https:\/\/www.vivasalud.be\/en\/blog\/2022\/11\/30\/philippines-les-soignantes-doivent-aussi-etre-militantes\/","title":{"rendered":"Philippines : les soignant\u00b7e\u00b7s doivent aussi \u00eatre militant\u00b7e\u00b7s"},"content":{"rendered":"<p><strong><strong><em>Cet article a \u00e9t\u00e9 publi\u00e9 (en n\u00e9erlandais) sur <a href=\"https:\/\/sociaal.net\/verhaal\/gezondheidswerkers-moeten-ook-activisten-zijn\/?fbclid=IwAR0d4nXqtM1uIJBaPZWeJq3xWial9Rr-9wDhAs_S7pZoZe-qgDe5Jkt9WCo\" target=\"_blank\" rel=\"noreferrer noopener\">Sociaal.net<\/a>, dans le cadre du dossier \u00ab&nbsp;Travail social dans le monde&nbsp;\u00bb. Partout dans le monde, des professionnels du domaine social et leurs organisations s\u2019investissent jour apr\u00e8s jour pour am\u00e9liorer la condition des plus fragiles. Mais leurs connaissances et leur expertise ne sont pas toujours connues. Et c\u2019est pr\u00e9cis\u00e9ment cela que Sociaal.net veut changer en collaboration avec 11.11.11, la coupole de la solidarit\u00e9 internationale.<\/em><\/strong><\/strong><\/p>\n\n\n\n<p>Aux Philippines, travailler dans le domaine des soins de sant\u00e9 n\u2019est pas sans risques, particuli\u00e8rement si l\u2019on se montre critique par rapport au gouvernement et que l\u2019on se bat pour les droits de ses patient\u00b7e\u00b7s. \u00ab&nbsp;<em>Le travail sur la sant\u00e9 ne commence ni ne se termine dans les h\u00f4pitaux. Il faut \u00e9galement \u00eatre attentif aux causes des maladies, comme la mis\u00e8re, l\u2019absence d\u2019enseignement et de logement<\/em>.&nbsp;\u00bb<\/p>\n\n\n\n<h2 class=\"wp-block-heading\"><strong><strong><strong>La force des soignant\u00b7e\u00b7s dans les quartiers<\/strong><\/strong><\/strong><\/h2>\n\n\n\n<p>La sant\u00e9 est un droit de base. L\u2019acc\u00e8s aux soins et une vie saine sont des choix politiques. Les soignant\u00b7e\u00b7s du <a href=\"https:\/\/www.facebook.com\/chdph\/\" target=\"_blank\" rel=\"noreferrer noopener\">Council for Health and Development (CHD)<\/a>, partenaire de l\u2019ONG belge Viva Salud aux Philippines, sont bien d\u2019accord \u00e0 ce sujet.&nbsp;<\/p>\n\n\n\n<p>Katherine Berza,&nbsp;travaille depuis quinze ans d\u00e9j\u00e0 au sein du CHD. En tant que coordinatrice et activiste, elle est \u00e9troitement li\u00e9e au travail quotidien des soignant\u00b7e\u00b7s dans les quartiers, que l\u2019on appelle des \u2018<em>community healthworkers\u2019<\/em>.&nbsp;<\/p>\n\n\n\n<p><em>\u2018Actuellement, il y a aux Philippines plus de 10.000 <\/em><em>carers<\/em><em> b\u00e9n\u00e9voles.\u2019<\/em><\/p>\n\n\n\n<p>\u201c<em>Les programmes autour de la sant\u00e9 dans les quartiers m\u2019int\u00e9ressent parce qu\u2019ils renforcent la force interne des quartiers<\/em>&nbsp;\u00bb, d\u00e9clare Kat dans un entretien avec Viva Salud lors d\u2019une visite en Belgique. \u00ab&nbsp;<em>Certains\u00b7e\u00b7s<\/em><em> de ces <\/em><em>soig<\/em><em>nan<\/em><em>t\u00b7e\u00b7s<\/em><em> ne savent ni lire ni \u00e9crire mais ont un grand c\u0153ur et la volont\u00e9 d\u2019accomplir un travail qui a du sens dans leur quartier, et ce sans rien attendre en retour<\/em>.&nbsp;\u00bb<\/p>\n\n\n\n<p>Aux Philippines, les premiers projets de sant\u00e9 dans les quartiers ont commenc\u00e9 en 1973 sur les \u00eeles de Luzon, Visayas et Mindanao. Inspir\u00e9s par des \u00ab&nbsp;<em>docteurs aux pieds nus<\/em>&nbsp;\u00bb chinois, trois religieuses ont form\u00e9 des personnes sans background m\u00e9dical au m\u00e9tier de soignant\u00b7e\u00b7s. Cela a permis de compenser l\u2019importante p\u00e9nurie de personnel m\u00e9dical dans ces r\u00e9gions recul\u00e9es.<\/p>\n\n\n\n<p>Le grand succ\u00e8s de ces projets a conduit \u00e0 leur multiplication partout \u00e0 travers les Philippines. Le CHD est la coupole qui chapeaute toutes ces diff\u00e9rentes initiatives. Actuellement, plus de 70 programmes sont en cours et les Philippines comptent plus de 10.000 soignant\u00b7e\u00b7s b\u00e9n\u00e9voles.<\/p>\n\n\n\n<h2 class=\"wp-block-heading\"><strong><strong><strong>Que font ces soignant\u00b7e\u00b7s?<\/strong><\/strong><\/strong><\/h2>\n\n\n\n<p>Iels d\u00e9livrent des soins de sant\u00e9 et sont, de ce fait, des personnes importantes au sein de leur quartier. Iels sont au courant de ce que vit la population et collaborent en outre aux programmes sociaux qui renforcent les liens entre les habitant\u00b7e\u00b7s.<\/p>\n\n\n\n<p>Id\u00e9alement, chaque soignant\u00b7eprend en charge quinze familles. Ceci permet d\u2019assurer la qualit\u00e9 des soins. Les soignant\u00b7e\u00b7s sont d\u00e9sign\u00e9\u00b7e\u00b7s par les habitant\u00b7e\u00b7s, ce qui leur conf\u00e8re de la cr\u00e9dibilit\u00e9. Il n\u2019est fait aucune diff\u00e9rence sur base de l\u2019\u00e9ducation, de la religion ou du statut \u00e9conomique.<\/p>\n\n\n\n<p><em>\u2018Les <\/em><em>carers<\/em>&nbsp;<em>dans les quartiers sont au courant de ce que vit la population.\u2019<\/em><\/p>\n\n\n\n<p>Iels sont conscient\u00b7e\u00b7s des lacunes au niveau des soins de sant\u00e9 aux Philippines. Iels sont fi\u00e8r\u00b7e\u00b7s de contribuer \u00e0 limiter ces lacunes et d\u2019am\u00e9liorer le bien-\u00eatre des habitant\u00b7e\u00b7s. Iels ne re\u00e7oivent aucun salaire. Iels ont un autre emploi, r\u00e9mun\u00e9r\u00e9, ou travaillent dans l\u2019\u00e9conomie informelle. Les visites aux familles dont iels ont la charge se font donc durant leur temps libre.<\/p>\n\n\n\n<p>Les soignant\u00b7e\u00b7s dans les quartiers ne font pas de consultations m\u00e9dicales compl\u00e8tes mais plut\u00f4t un travail de pr\u00e9vention. Ils offrent une premi\u00e8re aide et veillent \u00e0 ce que les gens sollicitent une assistance m\u00e9dicale lorsque celle-ci est n\u00e9cessaire de fa\u00e7on \u00e0 ne pas laisser les sympt\u00f4mes s\u2019aggraver inutilement.<\/p>\n\n\n\n<h2 class=\"wp-block-heading\"><strong>En premi\u00e8re ligne<\/strong><\/h2>\n\n\n\n<p>Kat se souvient encore tr\u00e8s bien de la premi\u00e8re fois o\u00f9 elle a vu des soignant\u00b7e\u00b7s au travail sur l\u2019\u00eele de Negros. Elle avait \u00e9t\u00e9 impressionn\u00e9e. \u00ab&nbsp;<em>The <\/em><em>carers<\/em><em> se montraient tr\u00e8s <\/em><em>entreprenant\u00b7e\u00b7s<\/em><em>. <\/em><em>Iels<\/em><em> allaient jusqu\u2019\u00e0 construire des maisonnettes pour les <\/em><em>patient\u00b7e\u00b7s<\/em><em> qui devaient \u00eatre mis en isolation ou dont les sympt\u00f4mes n\u00e9cessitaient un suivi rapproch\u00e9.&nbsp;\u00bb<\/em><\/p>\n\n\n\n<p>Elle avait \u00e9t\u00e9 \u00e9galement \u00e9tonn\u00e9e du niveau des soins qu\u2019iels prodiguaient et des connaissances dont iels disposaient. \u00ab&nbsp;<em>Iels savaient parfaitement vers o\u00f9 diriger les personnes malades. Je suis convaincue que leur travail a sauv\u00e9 de nombreuses vies, car \u00e0 Negros, il faut parcourir de longues distances pour arriver \u00e0 un h\u00f4pital. Ces soignant\u00b7e\u00b7s m\u00e9ritent le plus grand respect parce qu\u2019iels sont en premi\u00e8re ligne<\/em>.&nbsp;\u00bb<\/p>\n\n\n\n<h2 class=\"wp-block-heading\"><strong><strong><strong>Terroristes<\/strong><\/strong><\/strong><\/h2>\n\n\n\n<p>\u00catre&nbsp;soignant\u00b7e dans les quartiers n\u2019est pas facile car leur s\u00e9curit\u00e9 aux Philippines ne cesse de se d\u00e9grader. Ainsi, le CHD n\u2019a plus libre acc\u00e8s \u00e0 l\u2019\u00eele de Negros.<\/p>\n\n\n\n<p><em>\u2018Chaque jour, nous craignons pour notre s\u00e9curit\u00e9.\u2019<\/em><\/p>\n\n\n\n<p>Le quotidien des soignant\u00b7e\u00b7s, raconte Kat, est fait non seulement de d\u00e9ception et de frustration, mais aussi de menaces. \u00ab&nbsp;<em>Chaque jour, nous sommes <\/em><em>inquiet\u00b7e\u00b7s<\/em><em> pour notre s\u00e9curit\u00e9, la s\u00e9curit\u00e9 de nos familles et des organisations et quartiers au sein desquels nous travaillons<\/em>.&nbsp;\u00bb<\/p>\n\n\n\n<p>Le gouvernement philippin recourt souvent au \u00ab&nbsp;red-tagging&nbsp;\u00bb&nbsp;ce qui revient \u00e0 consid\u00e9rer toute personne qui s\u2019oppose au gouvernement comme terroriste pour son lien pr\u00e9sum\u00e9 avec le parti communiste ou avec la Nouvelle Arm\u00e9e du Peuple.<\/p>\n\n\n\n<h2 class=\"wp-block-heading\"><strong>\u00catre criminalis\u00e9\u00b7e pour avoir parl\u00e9<\/strong><\/h2>\n\n\n\n<p>Tinay&nbsp;Palabay, secr\u00e9taire g\u00e9n\u00e9rale de <a href=\"https:\/\/www.karapatan.org\/\" target=\"_blank\" rel=\"noreferrer noopener\">Karapatan<\/a>, mouvement de d\u00e9fense des droits humains aux Philippines et partenaire de Viva Salud, explique comment cette technique du red-tagging touche un tr\u00e8s large public. \u00ab&nbsp;<em>Cela va des pr\u00e9sentateurs t\u00e9l\u00e9 \u00e0 des laur\u00e9ates de concours de beaut\u00e9. M\u00eame des pr\u00eatres et des journalistes en sont victimes. Ce ne sont pas n\u00e9cessairement des personnes qui ont des id\u00e9es progressistes, il suffit de critiquer la politique du gouvernement. C\u2019est incroyable que des gens soient criminalis\u00e9s pour des mots.<\/em>&nbsp;\u00bb<\/p>\n\n\n\n<p>Lorsqu\u2019on est concern\u00e9 par le red-tagging, on est souvent victime de fausses accusations, comme des accusations de meurtre par exemple. La police cache alors des \u00ab&nbsp;<em>preuves mat\u00e9rielles<\/em>&nbsp;\u00bb dans la maison de cette personne ou paie des gens pour de faux t\u00e9moignages. Mary Lawlor, rapporteur sp\u00e9cial des Nations Unies, a qualifi\u00e9 cette tactique de menace de mort parce que les personnes \u00ab&nbsp;tagg\u00e9es&nbsp;\u00bb sont souvent assassin\u00e9es.<\/p>\n\n\n\n<p><em>\u2018Je re\u00e7ois des menaces au petit d\u00e9jeuner, au d\u00eener et au souper. Et parfois aussi au go\u00fbter.\u2019<\/em><\/p>\n\n\n\n<p>Tinay&nbsp;Palabay fait elle aussi face r\u00e9guli\u00e8rement \u00e0 la r\u00e9pression. \u00ab&nbsp;<em>Les sept derni\u00e8res ann\u00e9es ont \u00e9t\u00e9 vraiment difficiles. Je re\u00e7ois des menaces au petit d\u00e9jeuner, au d\u00eener et au souper. Et parfois aussi comme go\u00fbter. Elles deviennent de plus en plus s\u00e9rieuses. Ma s\u00e9curit\u00e9 et celle de ma famille sont en danger<\/em>.&nbsp;\u00bb<\/p>\n\n\n\n<p>Tinay fait l\u2019objet de plusieurs fausses accusations. \u00ab&nbsp;<em>Si je suis condamn\u00e9e, je devrai s\u00fbrement faire six ans de prison. C\u2019est une tactique du gouvernement philippin pour faire taire notre organisation. Au cours des sept derni\u00e8res ann\u00e9es, 800 Philippin\u00b7e\u00b7s innocent\u00b7e\u00b7s ont \u00e9t\u00e9 enferm\u00e9\u00b7e\u00b7s dans les prisons surpeupl\u00e9es<\/em>.&nbsp;\u00bb<\/p>\n\n\n\n<h2 class=\"wp-block-heading\"><strong>Un choix de m\u00e9tier suspect<\/strong><\/h2>\n\n\n\n<p>Kat explique que Rose Sancelan, m\u00e9decin \u00e0 Negros, et son ancienne coll\u00e8gue Zara Alvarez ont toutes les deux ont \u00e9t\u00e9 assassin\u00e9es.<\/p>\n\n\n\n<p>R\u00e9cemment Naty Castro, m\u00e9decin elle aussi, a \u00e9t\u00e9 arr\u00eat\u00e9e ill\u00e9galement. Elle \u00e9tait victime de red-tagging depuis des dizaines d\u2019ann\u00e9es, et faussement accus\u00e9e de meurtre et d\u2019enl\u00e8vement. Heureusement, au bout de deux mois, elle a \u00e9t\u00e9 lib\u00e9r\u00e9e, suite aux nombreuses actions de solidarit\u00e9 locales et internationales.<\/p>\n\n\n\n<p>Naty Castro est l\u2019une des plus anciennes m\u00e9decins du CHD. D\u00e8s la fin de ses \u00e9tudes, elle a commenc\u00e9 \u00e0 travailler pour une communaut\u00e9 indig\u00e8ne Lumad. Elle est dipl\u00f4m\u00e9e d\u2019une prestigieuse universit\u00e9 aux Philippines. Le choix d\u2019exercer son m\u00e9tier pour une&nbsp;zone recul\u00e9e a, de ce fait, sembl\u00e9 suspect aux yeux des autorit\u00e9s.<\/p>\n\n\n\n<h2 class=\"wp-block-heading\"><strong>Solidarit\u00e9 internationale<\/strong><\/h2>\n\n\n\n<p>Tout comme Naty, en 2010, 42 soignant\u00b7e\u00b7s du CHD ont \u00e9t\u00e9 arr\u00eat\u00e9\u00b7e\u00b7s lors d\u2019une formation aux soins d\u2019urgence. Les militaires philippins les ont accus\u00e9s de fabriquer des bombes apr\u00e8s avoir cach\u00e9 des \u00ab&nbsp;preuves&nbsp;\u00bb sur le lieu de la formation. Les soignant\u00b7e\u00b7s n\u2019ont \u00e9t\u00e9 rel\u00e2ch\u00e9\u00b7e\u00b7s qu\u2019au bout de dix mois.<\/p>\n\n\n\n<p>La solidarit\u00e9 internationale a jou\u00e9 un r\u00f4le essentiel pour leur lib\u00e9ration. En effet, des courriers inondaient chaque jour le palais pr\u00e9sidentiel pour exiger la lib\u00e9ration de ces soignant\u00b7e\u00b7s, jusqu\u2019\u00e0 faire craquer les collaborateurs du pr\u00e9sident. Mais m\u00eame si iels ont finalement \u00e9t\u00e9 lib\u00e9r\u00e9\u00b7e\u00b7s, la fabrication des preuves et les accusations infond\u00e9es n\u2019ont absolument pas \u00e9t\u00e9 reconnues et sont rest\u00e9es impunies jusqu\u2019\u00e0 ce jour. \u00ab&nbsp;<em>En tant que soignant\u00b7e\u00b7s, on ne fait pas que soigner, on d\u00e9fend \u00e9galement les droits des patient\u00b7e\u00b7s et de toute la soci\u00e9t\u00e9.<\/em>&nbsp;\u00bb<\/p>\n\n\n\n<h2 class=\"wp-block-heading\"><strong>D\u00e9terminants sociaux de la sant\u00e9<\/strong><\/h2>\n\n\n\n<p>Les droits des soignant\u00b7e\u00b7s et des activistes sont constamment bafou\u00e9s aux Philippines&nbsp;: depuis le droit \u00e0 la libert\u00e9 d\u2019opinion jusqu\u2019au droit \u00e0 la d\u00e9fense. Et pourtant, ce sont des droits universels inscrits dans la Constitution des Philippines.<\/p>\n\n\n\n<p>Les syndicats et leurs membres, comme l\u2019Alliance of Health&nbsp;Workers, qui participent aux manifestations sont consid\u00e9r\u00e9s comme des terroristes. Les directions d\u2019h\u00f4pitaux d\u00e9conseillent \u00e0 leur personnel syndiqu\u00e9 de prendre part \u00e0 des activit\u00e9s dirig\u00e9es contre le gouvernement.<\/p>\n\n\n\n<p><em>\u2018<\/em><em>Le travail de la sant\u00e9 ne commence ni ne se termine dans les h\u00f4pitaux. Nous devons aussi \u00eatre attentif \u00e0 ce qui rend les gens malades<\/em><em>.\u2019<\/em><\/p>\n\n\n\n<p>Kat d\u00e9fend le point de vue que soignant\u00b7e\u00b7s font bien plus que prodiguer des soins. \u00ab&nbsp;<em>En tant que <\/em><em>carers<\/em><em>, nous ne pouvons<\/em><em> pas nous limiter \u00e0 un travail m\u00e9dical dans les h\u00f4pitaux ou dans les quartiers. Nous devons \u00e9galement nous montrer critiques par rapport \u00e0 la situation politique. Pas seulement en contredisant le discours dominant mais aussi en d\u00e9fendant les droits de nos <\/em><em>patient\u00b7e\u00b7s<\/em>.&nbsp;\u00bb<\/p>\n\n\n\n<p><em><strong>\u00ab&nbsp;<\/strong>Nous devons \u00eatre attentifs \u00e0 ce qui rend les gens malades, comme la mis\u00e8re, le manque d\u2019\u00e9ducation, l\u2019absence d\u2019un toit et tous les autres facteurs qui permettent de vivre dignement. C\u2019est ce que nous appelons les d\u00e9terminants sociaux de la sant\u00e9. C\u2019est ce qui fait que les pauvres sont plus souvent malades que les plus riches<\/em>.&nbsp;\u00bb<\/p>\n\n\n\n<h2 class=\"wp-block-heading\"><strong>Privatisation<\/strong><\/h2>\n\n\n\n<p>Entre temps, la qualit\u00e9 des soins de sant\u00e9 aux Philippines continue de se d\u00e9grader. Le pr\u00e9sident r\u00e9cemment \u00e9lu, <a>Ferdinand Marcos junior<\/a>, fils du dictateur du m\u00eame nom, a d\u00e9clar\u00e9 qu\u2019il veut attirer davantage d\u2019investissements priv\u00e9s dans les soins de sant\u00e9.<\/p>\n\n\n\n<p>\u00ab&nbsp;<em>Cela nous inqui\u00e8te car \u00e7a va diminuer la qualit\u00e9 des soins&nbsp;\u00bb, selon Kat. \u00ab&nbsp;Si l\u2019on ouvre un bien public comme la sant\u00e9 aux investissements priv\u00e9<\/em><em>s<\/em><em>, la priorit\u00e9 sera le profit. Et cela se fera au d\u00e9triment des <\/em><em>patient\u00b7e\u00b7s<\/em>.&nbsp;\u00bb<\/p>\n\n\n\n<p><em>\u00ab&nbsp;La privatisation se fait au d\u00e9triment des <\/em><em>patient\u00b7e\u00b7s<\/em><em>.&nbsp;\u00bb<\/em><\/p>\n\n\n\n<p>Pour Kat, derri\u00e8re l\u2019agitation sociale croissante et l\u2019augmentation de la r\u00e9pression qui s\u2019en suit, il y a d\u2019abord et avant tout des raisons socio-\u00e9conomiques. Aux Philippines, de tr\u00e8s nombreuses personnes vivent dans la mis\u00e8re. Les soignant\u00b7e\u00b7s aussi ont un salaire bien trop bas, et certain\u00b7e\u00b7s sont m\u00eame pay\u00e9\u00b7e\u00b7s en-dessous du salaire minimal.<\/p>\n\n\n\n<p>Pour cette raison, celles et ceux ayant une formation m\u00e9dicale sont oblig\u00e9\u00b7e\u00b7s de travailler dans d\u2019autres secteurs, alors qu\u2019il y existe une r\u00e9elle p\u00e9nurie de&nbsp;soignant\u00b7e\u00b7s. Pendant la pand\u00e9mie du Covid-19, on leur a fait plein de promesses pour r\u00e9compenser les risques qu\u2019iels prenaient quotidiennement. A ce jour, des milliers de soignant\u00b7e\u00b7s n\u2019ont toujours rien re\u00e7u.<\/p>\n\n\n\n<h2 class=\"wp-block-heading\"><strong>Des cons\u00e9quences importantes<\/strong><\/h2>\n\n\n\n<p>La r\u00e9pression \u00e0 l\u2019encontre des soignant\u00b7e\u00b7s a impacte durement la population. Aux Philippines, on ne compte qu\u2019un\u00b7e seul m\u00e9decin pour 33.000 habitant\u00b7e\u00b7s. Ce chiffre est largement inf\u00e9rieur \u00e0 la norme prescrite par l\u2019Organisation Mondiale de la Sant\u00e9, \u00e0 savoir un m\u00e9decin pour 1.000 habitant\u00b7e\u00b7s.<\/p>\n\n\n\n<p>Par ailleurs, la plupart des Philippin\u00b7e\u00b7s n\u2019ont pas acc\u00e8s aux m\u00e9dicaments, ils sont soit impayables ou tout simplement inexistants. Beaucoup meurent de maladies qui auraient pourtant pu \u00eatre pr\u00e9venues ou soign\u00e9es, comme la tuberculose par exemple.<\/p>\n\n\n\n<h2 class=\"wp-block-heading\"><strong>Plaidoyer pour la politisation des soins de sant\u00e9<\/strong><\/h2>\n\n\n\n<p>Le travail du CHD va plus loin qu\u2019une approche purement biom\u00e9dicale de la sant\u00e9. Le CHD se bat pour tout ce qui d\u00e9termine la sant\u00e9 du peuple philippin, contre la mont\u00e9e des prix de l\u2019\u00e9nergie, l\u2019inflation et la r\u00e9pression des soignant\u00b7e\u00b7s.<\/p>\n\n\n\n<p>Kat explique \u00ab&nbsp;<em>Si nous ne nous pr\u00e9occupions pas des arrestations et meurtres ill\u00e9gaux, comment pourrions-nous convaincre davantage de m\u00e9decins, d\u2019infirmiers, d\u2019infirmi\u00e8res et d\u2019<\/em><em>\u00e9tudiant\u00b7e\u00b7s<\/em><em> de fournir des soins de sant\u00e9 dans les zones isol\u00e9es, l\u00e0 o\u00f9 <\/em><em>iels<\/em><em> sont les plus n\u00e9cessaires mais o\u00f9 <\/em><em>iels<\/em><em> ne sont pas en s\u00e9curit\u00e9&nbsp;?<\/em>&nbsp;\u00bb<\/p>\n\n\n\n<p>\u00ab&nbsp;<em>C\u2019est la t\u00e2che des activistes de la sant\u00e9 de montrer de quoi il s\u2019agit vraiment. Cela fait r\u00e9fl\u00e9chir et pour finir, cela am\u00e9liorera la sant\u00e9 de <\/em><em>tou\u00b7te\u00b7s<\/em><em>. Notre \u00e9poque exige des <\/em><em>carers<\/em><em> qu\u2019<\/em><em>iels<\/em><em> soient aussi des <\/em><em>militant\u00b7e\u00b7s<\/em><em>.<\/em>&nbsp;\u00bb<\/p>\n\n\n\n<p><\/p>\n\n\n\n<hr class=\"wp-block-separator has-alpha-channel-opacity\"\/>\n\n\n\n<div class=\"wp-block-media-text alignwide is-stacked-on-mobile\" style=\"grid-template-columns:20% auto\"><figure class=\"wp-block-media-text__media\"><img fetchpriority=\"high\" decoding=\"async\" width=\"868\" height=\"865\" src=\"https:\/\/www.vivasalud.be\/wp-content\/uploads\/2022\/11\/reduit-logo.png\" alt=\"NotATarget Philippines\" class=\"wp-image-12268 size-full\" srcset=\"https:\/\/www.vivasalud.be\/wp-content\/uploads\/2022\/11\/reduit-logo.png 868w, https:\/\/www.vivasalud.be\/wp-content\/uploads\/2022\/11\/reduit-logo-800x797.png 800w, https:\/\/www.vivasalud.be\/wp-content\/uploads\/2022\/11\/reduit-logo-768x765.png 768w\" sizes=\"(max-width: 868px) 100vw, 868px\" \/><\/figure><div class=\"wp-block-media-text__content\">\n<h2 class=\"wp-block-heading\">PODCAST: BEING A HEALTH ACTIVIST IN THE PHILIPPINES<\/h2>\n\n\n\n<p>In September, Viva Salud launched the <a href=\"https:\/\/www.vivasalud.be\/en\/podcast-notatarget\/\" target=\"_blank\" rel=\"noreferrer noopener\">#NotATarget campaign<\/a>. On Spotify, a <a href=\"https:\/\/linktr.ee\/vivasalud123?fbclid=IwAR2z7lFGup6psHoXGzD_SQvaIHnbdGMA6DjXp0rtALkZu8cdeqBtE9CQW-4\" target=\"_blank\" rel=\"noreferrer noopener\">podcast<\/a> was launched under the same name, where you can hear more testimonials from Kat, Tinay, and other health activists.<\/p>\n<\/div><\/div>\n\n\n\n<hr class=\"wp-block-separator has-alpha-channel-opacity\"\/>\n\n\n\n<div class=\"wp-block-media-text alignwide has-media-on-the-right is-stacked-on-mobile\" style=\"grid-template-columns:auto 40%\"><div class=\"wp-block-media-text__content\">\n<p>Le 9 d\u00e9cembre, diff\u00e9rents mouvements sociaux et syndicats descendront dans la rue \u00e0 Bruxelles \u00e0 l\u2019occasion de <a href=\"https:\/\/www.facebook.com\/events\/1153564345283969\" target=\"_blank\" rel=\"noreferrer noopener\">Defend the Defenders<\/a> pour la journ\u00e9e internationale des droits humains. A 18 heures, nous ferons entendre notre voix \u00e0 la Porte de Hal, pour amplifier la port\u00e9e de la voix des militant\u00b7e\u00b7s des droits humains. Rejoignez-nous en nombre&nbsp;!&nbsp;<\/p>\n<\/div><figure class=\"wp-block-media-text__media\"><img decoding=\"async\" width=\"1920\" height=\"1080\" src=\"https:\/\/www.vivasalud.be\/wp-content\/uploads\/2022\/11\/315277725_5719598038062985_1883741038952042058_n.jpg\" alt=\"DfD\" class=\"wp-image-12376 size-full\" srcset=\"https:\/\/www.vivasalud.be\/wp-content\/uploads\/2022\/11\/315277725_5719598038062985_1883741038952042058_n.jpg 1920w, https:\/\/www.vivasalud.be\/wp-content\/uploads\/2022\/11\/315277725_5719598038062985_1883741038952042058_n-800x450.jpg 800w, https:\/\/www.vivasalud.be\/wp-content\/uploads\/2022\/11\/315277725_5719598038062985_1883741038952042058_n-768x432.jpg 768w, https:\/\/www.vivasalud.be\/wp-content\/uploads\/2022\/11\/315277725_5719598038062985_1883741038952042058_n-1536x864.jpg 1536w, https:\/\/www.vivasalud.be\/wp-content\/uploads\/2022\/11\/315277725_5719598038062985_1883741038952042058_n-400x225.jpg 400w\" sizes=\"(max-width: 1920px) 100vw, 1920px\" \/><\/figure><\/div>\n\n\n\n<p><\/p>","protected":false},"excerpt":{"rendered":"<p>Aux Philippines, travailler dans le domaine des soins de sant\u00e9 n\u2019est pas sans risques, particuli\u00e8rement si l\u2019on se montre critique par rapport au gouvernement et que l\u2019on se bat pour les droits de ses patient\u00b7e\u00b7s.<\/p>","protected":false},"author":15,"featured_media":12373,"comment_status":"closed","ping_status":"closed","sticky":false,"template":"","format":"standard","meta":{"_acf_changed":false,"_seopress_robots_primary_cat":"","_seopress_titles_title":"%%title%%","_seopress_titles_desc":"Aux Philippines, il est risqu\u00e9 de travailler dans le secteur de la sant\u00e9. Surtout si l\u2019on se montre critique par rapport au gouvernement.","_seopress_robots_index":"","footnotes":""},"categories":[896],"tags":[176,658,232,198,478],"pays":[94],"class_list":["post-12370","post","type-post","status-publish","format-standard","has-post-thumbnail","hentry","category-actualites","tag-droits-humains","tag-gezonde-werkomstandigheden-fr","tag-publieke-gezondheidszorg-fr","tag-soins-de-sante-publics","tag-wereldgezondheidsdag-fr","pays-philippines"],"acf":[],"_links":{"self":[{"href":"https:\/\/www.vivasalud.be\/en\/wp-json\/wp\/v2\/posts\/12370","targetHints":{"allow":["GET"]}}],"collection":[{"href":"https:\/\/www.vivasalud.be\/en\/wp-json\/wp\/v2\/posts"}],"about":[{"href":"https:\/\/www.vivasalud.be\/en\/wp-json\/wp\/v2\/types\/post"}],"author":[{"embeddable":true,"href":"https:\/\/www.vivasalud.be\/en\/wp-json\/wp\/v2\/users\/15"}],"replies":[{"embeddable":true,"href":"https:\/\/www.vivasalud.be\/en\/wp-json\/wp\/v2\/comments?post=12370"}],"version-history":[{"count":0,"href":"https:\/\/www.vivasalud.be\/en\/wp-json\/wp\/v2\/posts\/12370\/revisions"}],"wp:featuredmedia":[{"embeddable":true,"href":"https:\/\/www.vivasalud.be\/en\/wp-json\/wp\/v2\/media\/12373"}],"wp:attachment":[{"href":"https:\/\/www.vivasalud.be\/en\/wp-json\/wp\/v2\/media?parent=12370"}],"wp:term":[{"taxonomy":"category","embeddable":true,"href":"https:\/\/www.vivasalud.be\/en\/wp-json\/wp\/v2\/categories?post=12370"},{"taxonomy":"post_tag","embeddable":true,"href":"https:\/\/www.vivasalud.be\/en\/wp-json\/wp\/v2\/tags?post=12370"},{"taxonomy":"pays","embeddable":true,"href":"https:\/\/www.vivasalud.be\/en\/wp-json\/wp\/v2\/pays?post=12370"}],"curies":[{"name":"wp","href":"https:\/\/api.w.org\/{rel}","templated":true}]}}