{"id":15476,"date":"2023-11-08T12:18:15","date_gmt":"2023-11-08T11:18:15","guid":{"rendered":"https:\/\/www.vivasalud.be\/?p=15476"},"modified":"2023-11-08T12:19:29","modified_gmt":"2023-11-08T11:19:29","slug":"european-march-for-palestine-ceasefire-now","status":"publish","type":"post","link":"https:\/\/www.vivasalud.be\/en\/blog\/2023\/11\/08\/marche-europeenne-pour-la-palestine-cessez-le-feu-maintenant\/","title":{"rendered":"European March for Palestine: Ceasefire now!"},"content":{"rendered":"<p><strong>In the face of the massacres in Gaza, the outbreak of violence in the West Bank and the ongoing ethnic cleansing throughout occupied Palestine, our compass must remain, more than ever, international law and the protection of life, dignity and human rights. According to independent UN experts, the violence suffered by Palestinians throughout the territory poses the risk of genocide. By systematically refusing to compel the State of Israel to comply with international law and allowing violations to go unpunished, the European Union bears overwhelming responsibility for the desperate situation we are witnessing today.<\/strong><\/p>\n\n\n\n<h2 class=\"wp-block-heading\"><strong>European demonstration on 11 November <\/strong><\/h2>\n\n\n\n<p><strong>Let's demonstrate this Saturday, 11 November at 2 p.m. starting at Gare du Nord (Brussels) to demand that Belgium and the European Union:<\/strong><\/p>\n\n\n\n<ul class=\"wp-block-list\">\n<li>that they do everything possible  to obtain <strong>an immediate ceasefire<\/strong> and access to international aid for Palestinians in Gaza who are currently facing an absolute humanitarian emergency; ;<\/li>\n\n\n\n<li>to demand that Israel lift the siege of Gaza with a view to <strong>the lifting of the blockade<\/strong> and reconnection with the rest of the occupied Palestinian territory; ;<\/li>\n\n\n\n<li>that they bring <strong>political and financial support <\/strong>to the ongoing investigation by the International Criminal Court into the situation in Palestine; ;<\/li>\n\n\n\n<li>that they tackle the structural causes of the current conflict by adopting<strong> binding measures against Israel <\/strong>so that it ends the occupation, colonisation and apartheid against the Palestinian people, starting with a military embargo and an end to trade with Israeli settlements.<\/li>\n<\/ul>\n\n\n\n<p>The organisers call on participants to respect these slogans and to demonstrate peacefully.<\/p>\n\n\n\n<p>Any justification of war crimes, attacks against civilians, or any manifestation of anti-Semitism or any other form of racism will result in exclusion from the gathering.<\/p>","protected":false},"excerpt":{"rendered":"<p>Let's demonstrate this Saturday, 11 November at 2 p.m. starting at Gare du Nord (Brussels) for an immediate ceasefire in Palestine.<\/p>","protected":false},"author":15,"featured_media":15479,"comment_status":"closed","ping_status":"closed","sticky":false,"template":"","format":"standard","meta":{"_acf_changed":false,"_seopress_robots_primary_cat":"","_seopress_titles_title":"%%title%%","_seopress_titles_desc":"Manifestons ce samedi 11 novembre \u00e0 14h \u00e0 partir de la Gare du Nord (Bruxelles) pour un cessez-le-feu imm\u00e9diat en Palestine.","_seopress_robots_index":"","footnotes":""},"categories":[237,896],"tags":[118,790,791],"pays":[119],"class_list":["post-15476","post","type-post","status-publish","format-standard","has-post-thumbnail","hentry","category-action","category-actualites","tag-gaza","tag-justice","tag-peace","pays-palestine"],"acf":[],"_links":{"self":[{"href":"https:\/\/www.vivasalud.be\/en\/wp-json\/wp\/v2\/posts\/15476","targetHints":{"allow":["GET"]}}],"collection":[{"href":"https:\/\/www.vivasalud.be\/en\/wp-json\/wp\/v2\/posts"}],"about":[{"href":"https:\/\/www.vivasalud.be\/en\/wp-json\/wp\/v2\/types\/post"}],"author":[{"embeddable":true,"href":"https:\/\/www.vivasalud.be\/en\/wp-json\/wp\/v2\/users\/15"}],"replies":[{"embeddable":true,"href":"https:\/\/www.vivasalud.be\/en\/wp-json\/wp\/v2\/comments?post=15476"}],"version-history":[{"count":0,"href":"https:\/\/www.vivasalud.be\/en\/wp-json\/wp\/v2\/posts\/15476\/revisions"}],"wp:featuredmedia":[{"embeddable":true,"href":"https:\/\/www.vivasalud.be\/en\/wp-json\/wp\/v2\/media\/15479"}],"wp:attachment":[{"href":"https:\/\/www.vivasalud.be\/en\/wp-json\/wp\/v2\/media?parent=15476"}],"wp:term":[{"taxonomy":"category","embeddable":true,"href":"https:\/\/www.vivasalud.be\/en\/wp-json\/wp\/v2\/categories?post=15476"},{"taxonomy":"post_tag","embeddable":true,"href":"https:\/\/www.vivasalud.be\/en\/wp-json\/wp\/v2\/tags?post=15476"},{"taxonomy":"pays","embeddable":true,"href":"https:\/\/www.vivasalud.be\/en\/wp-json\/wp\/v2\/pays?post=15476"}],"curies":[{"name":"wp","href":"https:\/\/api.w.org\/{rel}","templated":true}]}}