{"id":5824,"date":"2020-11-10T15:47:32","date_gmt":"2020-11-10T14:47:32","guid":{"rendered":"https:\/\/www.vivasalud.be\/wereldwijd-de-strijd-tegen-systemisch-racisme-aangaan\/"},"modified":"2020-11-10T16:27:20","modified_gmt":"2020-11-10T15:27:20","slug":"tackling-systemic-racism-on-a-global-scale","status":"publish","type":"post","link":"https:\/\/www.vivasalud.be\/en\/blog\/2020\/11\/10\/s-attaquer-au-racisme-systemique-a-l-echelle-mondiale\/","title":{"rendered":"Tackling systemic racism on a global scale"},"content":{"rendered":"<p><strong>The injustices suffered by poor communities and communities of colour around the world will not be corrected by mere superficial policy changes, but will require a radical restructuring of systems that have been built up over centuries. But this will not happen on its own. Social movements are needed to apply pressure.<\/strong> <strong>This is the view of several prominent human rights defenders, including Tinay Palabay, director of our Philippine partner organisation Karapatan.<\/strong><\/p>\n\n\n\n<p>The outrage sparked by the recent murders of George Floyd, Breonna Taylor, and Ahmaud Aubrey in the United States, along with massive nationwide protests and solidarity actions around the world, have forced a global debate on systemic racism and state violence.<\/p>\n\n\n\n<p>These recent events are part of a brutal and well-documented pattern of systemic racism and disregard for Black lives in the United States, where Black communities have long suffered state violence through slavery, legal segregation, police brutality, and mass incarceration.<\/p>\n\n\n\n<p>However, systemic racist violence and ethnic discrimination are not phenomena unique to the United States. In the first four months of 2020, according to its own records, the Brazilian police in Rio de Janeiro alone killed 606 people, three-quarters of whom were young black men from the favelas. In Palestine, Israel's excessive use of force and \u00abshoot-to-kill\u00bb policy against Palestinians continues, as recently demonstrated by the killing of the young <a href=\"https:\/\/www.bbc.com\/news\/world-middle-east-52876014\">Iyad Hallaq<\/a> and others. In South Africa, the black inhabitants of the <a href=\"https:\/\/www.escr-net.org\/node\/365715\">informal urban dwellings<\/a> face the legacy of apartheid, as their leaders are frequently killed when they attempt to mobilise their communities. In Guatemala, the Mayan healer <a href=\"https:\/\/www.bbc.com\/mundo\/noticias-america-latina-52988801\">Domingo Shock<\/a> was accused of witchcraft, tortured and burned alive by a mob.<\/p>\n\n\n\n<p>Systemic racism and state violence are intimately linked and mutually reinforced by capitalism. Thus, when examining and critiquing systemic racist violence, it is essential to examine and critique the structural causes of poverty and dispossession. It is essential to examine the dominant economic system and whom it serves.<\/p>\n\n\n\n<p>Historically, racism has been a tool of control and has deep roots in colonialism and imperialism. Racism has played a key role in enabling small elites to remain in power through a \u00abdivide and rule\u00bb tactic aimed at dividing Black, Brown, Indigenous, and dispossessed White communities. Similarly, it supports a narrative that portrays communities of colour and poor communities as criminal, lazy, morally degenerate, and ultimately responsible for their own marginalisation and poverty.<\/p>\n\n\n\n<p>Smear and denigration campaigns are well-known tactics used against those who dare to challenge existing power structures, whether they are indigenous activists <a href=\"https:\/\/indigenousrightsinternational.org\/mid-year-report-2020\/\">criminalised<\/a> and <a href=\"https:\/\/www.survivalinternational.org\/articles\/3540-Bolsonaro\">stigmatised as \u00abanti-development\u00bb<\/a> for resisting megaprojects and development-related aggression around the world, <a href=\"https:\/\/www.ohchr.org\/fr\/NewsEvents\/Pages\/DisplayNews.aspx?NewsID=25924&amp;LangID=f\">of activists being labelled as terrorists in the Philippines<\/a>, or from <a href=\"http:\/\/im-defensoras.org\/wp-content\/uploads\/2020\/06\/The-crisis-was-already-here-english-15062020.pdf\">women human rights defenders in Central America challenging patriarchal structures whose reputation is tarnished.<\/a> These discourses justify the use of state violence, embodied and implemented by the police and the army.<\/p>\n\n\n\n<p>The use of state violence is intimately linked to broader patterns of systemic exclusion and dispossession. In many poor and communities of colour around the world, the state is only present through violence. This has been highlighted by the COVID-19 pandemic. Around the world, poor communities are disproportionately affected by COVID-19 due to pre-existing disparities in wealth, access to healthcare, and the widespread absence of the state in terms of fulfilling its human rights obligations, including economic, social, and cultural rights. These are the communities affected by state violence.<\/p>\n\n\n\n<p>At the same time, state violence is a means of protecting the interests of the elite. Members of ESCR-Net have highlighted a pervasive global trend towards <a href=\"https:\/\/www.escr-net.org\/fr\/responsabilitedesenterprises\/emprisedesentreprises\">state control<\/a> and its institutions by a small commercial elite that exerts undue influence on democratic and judicial institutions to the detriment of human rights and the environment. When states serve a small corporate elite, the <a href=\"https:\/\/www.escr-net.org\/fr\/nouvelles\/2019\/sierra-leone-protegez-defenseurs-droits-fonciers\">The violent powers of the state are also at the disposal of these elites' interests.<\/a><\/p>\n\n\n\n<p>This demonstrates the existence of a political economy of violence, where those who benefit from capitalism and those who suffer its consequences are the same people who benefit from and suffer the consequences of racism and state violence.<\/p>\n\n\n\n<p>The political economy of violence is evident whenever dispossessed and impoverished communities dare to protest against their conditions, demanding a future for their children, and are met with defamation, threats and murder. Similarly, the current extractive model \u2013 with its insatiable appetite for natural resources and wealth accumulation \u2013 is a key driver of conflict, violent dispossession, and the indirect violence of climate change disproportionately affecting the poor and marginalised.<\/p>\n\n\n\n<p>Understanding the political economy of violence means understanding how our dominant economic and political systems were born out of dispossession and genocide, rely on police and military brutality to maintain massive inequalities and ongoing imperialism, and ultimately generate violence at all levels.<\/p>\n\n\n\n<p>The injustices suffered by poor communities and communities of colour around the world will not be corrected by mere superficial policy changes, but will require a radical restructuring of systems that have been built up over centuries. To truly address the political economy of violence and the structural injustices it perpetuates, we must deepen solidarity within our struggles and formulate inclusive demands for systemic change, coming together across divisions that are often reinforced and manipulated by a small elite that profits from the current systems.<\/p>\n\n\n\n<p>To this end, through the <a href=\"https:\/\/www.escr-net.org\/fr\/une-charte-commune-pour-lutte-collective\">Joint charter for collective action<\/a>, members of the ESCR Network in the form of movements of African descent, peasants, poor urban dwellers and indigenous peoples are beginning to identify emerging points of unity by examining the common conditions or systemic injustices that communities face in each region as a result of the legacies of colonialism, imperialism and the dominant capitalist system. This process has recently continued with a <a href=\"https:\/\/www.escr-net.org\/fr\/nouvelles\/2020\/appel-laction-au-niveau-mondial-du-reseau-desc\">global call to action<\/a> in the face of the ongoing pandemic, reinforcing the need for a \u00abnew normal\u00bb of systemic alternatives, guided by resistant movements and communities, to make human rights and social justice a reality for all.<\/p>\n\n\n\n<p><strong>Cristina \u201cTinay\u201d Palabay<\/strong>&nbsp;(Philippines) is Secretary General of Karapatan Alliance for the Advancement of People's Rights. She is also a member of the Regional Council of the Asia-Pacific Forum on Women, Law and Development.<\/p>\n\n\n\n<p>Francisco Mateo Rocael Morales (Guatemala) is the general coordinator of the Consejo de Pueblos Wuxthaj and the Consejo de Direcci\u00f3n del Consejo del Pueblo Maya (CPO). He was president of the international council of the ESCR-Net. He is a member of the provisional coordination of the Movement of People Affected by Dams in Latin America (MAR).<\/p>\n\n\n\n<p>Miguel Mart\u00edn Zumalac\u00e1rregui is head of the Brussels office of the World Organisation Against Torture (OMCT) and human rights adviser to the Observatory for the Protection of Human Rights Defenders.<\/p>\n\n\n\n<p><strong>Ruben Kondrup<\/strong>, is the coordinator of solidarity and membership for the ESCR-Net.<\/p>\n\n\n\n<p>The first publication of this article can be found at <a href=\"https:\/\/www.openglobalrights.org\/confronting-systemic-racism-globally\/?lang=French\">Open Global Rights<\/a><\/p>","protected":false},"excerpt":{"rendered":"<p>The injustices suffered by poor communities and communities of colour around the world will not be corrected by mere superficial policy changes, but will require a radical restructuring of systems that have been built up over centuries. <\/p>","protected":false},"author":15,"featured_media":5822,"comment_status":"closed","ping_status":"closed","sticky":false,"template":"","format":"standard","meta":{"_acf_changed":false,"_seopress_robots_primary_cat":"","_seopress_titles_title":"","_seopress_titles_desc":"Les injustices subies par les communaut\u00e9s pauvres et les communaut\u00e9s de couleur \u00e0 travers le monde ne seront pas corrig\u00e9es par de simples changements superficiels de politiques, mais n\u00e9cessiteront une restructuration radicale des syst\u00e8mes.","_seopress_robots_index":"","footnotes":""},"categories":[230],"tags":[360],"pays":[94],"class_list":["post-5824","post","type-post","status-publish","format-standard","has-post-thumbnail","hentry","category-carte-blanche","tag-racisme-fr","pays-philippines"],"acf":[],"_links":{"self":[{"href":"https:\/\/www.vivasalud.be\/en\/wp-json\/wp\/v2\/posts\/5824","targetHints":{"allow":["GET"]}}],"collection":[{"href":"https:\/\/www.vivasalud.be\/en\/wp-json\/wp\/v2\/posts"}],"about":[{"href":"https:\/\/www.vivasalud.be\/en\/wp-json\/wp\/v2\/types\/post"}],"author":[{"embeddable":true,"href":"https:\/\/www.vivasalud.be\/en\/wp-json\/wp\/v2\/users\/15"}],"replies":[{"embeddable":true,"href":"https:\/\/www.vivasalud.be\/en\/wp-json\/wp\/v2\/comments?post=5824"}],"version-history":[{"count":0,"href":"https:\/\/www.vivasalud.be\/en\/wp-json\/wp\/v2\/posts\/5824\/revisions"}],"wp:featuredmedia":[{"embeddable":true,"href":"https:\/\/www.vivasalud.be\/en\/wp-json\/wp\/v2\/media\/5822"}],"wp:attachment":[{"href":"https:\/\/www.vivasalud.be\/en\/wp-json\/wp\/v2\/media?parent=5824"}],"wp:term":[{"taxonomy":"category","embeddable":true,"href":"https:\/\/www.vivasalud.be\/en\/wp-json\/wp\/v2\/categories?post=5824"},{"taxonomy":"post_tag","embeddable":true,"href":"https:\/\/www.vivasalud.be\/en\/wp-json\/wp\/v2\/tags?post=5824"},{"taxonomy":"pays","embeddable":true,"href":"https:\/\/www.vivasalud.be\/en\/wp-json\/wp\/v2\/pays?post=5824"}],"curies":[{"name":"wp","href":"https:\/\/api.w.org\/{rel}","templated":true}]}}