{"id":5875,"date":"2020-11-24T12:00:41","date_gmt":"2020-11-24T11:00:41","guid":{"rendered":"https:\/\/www.vivasalud.be\/defend-the-defenders-samen-komen-we-op-voor-sociale-bewegingen\/"},"modified":"2020-11-24T12:17:46","modified_gmt":"2020-11-24T11:17:46","slug":"defend-the-defenders-together-lets-support-social-movements","status":"publish","type":"post","link":"https:\/\/www.vivasalud.be\/en\/blog\/2020\/11\/24\/defend-the-defenders-ensemble-soutenons-les-mouvements-sociaux\/","title":{"rendered":"Defend the Defenders: working together to support social movements"},"content":{"rendered":"<p><strong>On 10 December, we celebrate the signing of the Universal Declaration of Human Rights 72 years ago. Since then, social movements around the world have continued to defend our basic rights. That's why we're organising a major online action in support of these movements on this date, alongside a wide range of trade unions and non-governmental organisations.<\/strong><\/p>\n\n\n\n<div class=\"wp-block-buttons is-layout-flex wp-block-buttons-is-layout-flex\">\n<div class=\"wp-block-button\"><a class=\"wp-block-button__link\" href=\"https:\/\/defendthedefenders2020.wordpress.com\/2020\/11\/19\/carte-blanche\/\" target=\"_blank\" rel=\"noreferrer noopener\"><strong>&gt; <strong>Read our open letter to the Minister of Foreign Affairs<\/strong><\/strong><\/a><\/div>\n<\/div>\n\n\n\n<p>Social movements defend our basic rights. Decent working conditions have been won, strikes have enabled indigenous groups to stop mining projects, and youth demonstrations have put climate justice at the top of the political agenda. In this period of corona, the organisations are continuing to defend our rights actively and creatively.<\/p>\n\n\n\n<p>In Colombia, the Philippines, Honduras, Guatemala... but also in Belgium, human rights defenders and social movements are under pressure everywhere: harassment campaigns against organisations, dismissals for their involvement, arrests under the pretext of confinement measures, and even murder for defending human rights.<\/p>\n\n\n\n<h2 class=\"wp-block-heading\"><strong>What will happen on 10 December?<\/strong><\/h2>\n\n\n\n<p>Every year on 10 December, we take to the streets under the slogan \u00abDefend the Defenders\u00bb to show our support for human rights activists and social movements around the world.<\/p>\n\n\n\n<p>This year, Defend the Defenders is going online! To encourage human rights defenders around the world and to urge our ministers to take action to protect human rights activists and social movements, we're getting creative and making our voices heard on social media.<\/p>\n\n\n\n<h2 class=\"wp-block-heading\"><strong>Take part in the photo challenge!<\/strong><\/h2>\n\n\n\n<p>In the run-up to 10 December, we're launching a social media challenge inviting you to post an image of your choice on our website. <strong>photo<\/strong> of you with your hand over your mouth. When you post your photo, you also mention a case and tag two friends, challenging them to do the same. You can find an example here. On 10 December, we'll be circulating on social media a <strong>video <\/strong>with all the photos received.<\/p>\n\n\n\n<figure class=\"wp-block-image size-large is-resized\"><img alt=\"\" fetchpriority=\"high\" decoding=\"async\" src=\"https:\/\/www.vivasalud.be\/wp-content\/uploads\/2020\/11\/picture-challenge-defend-the-defenders-min-1920x1536.png\" class=\"wp-image-5867\" width=\"990\" height=\"792\" srcset=\"https:\/\/www.vivasalud.be\/wp-content\/uploads\/2020\/11\/picture-challenge-defend-the-defenders-min-1920x1536.png 1920w, https:\/\/www.vivasalud.be\/wp-content\/uploads\/2020\/11\/picture-challenge-defend-the-defenders-min-800x640.png 800w, https:\/\/www.vivasalud.be\/wp-content\/uploads\/2020\/11\/picture-challenge-defend-the-defenders-min-768x614.png 768w, https:\/\/www.vivasalud.be\/wp-content\/uploads\/2020\/11\/picture-challenge-defend-the-defenders-min-1536x1229.png 1536w, https:\/\/www.vivasalud.be\/wp-content\/uploads\/2020\/11\/picture-challenge-defend-the-defenders-min.png 2000w\" sizes=\"(max-width: 990px) 100vw, 990px\" \/><\/figure>\n\n\n\n<p><strong>How to proceed:<\/strong><\/p>\n\n\n\n<ul class=\"wp-block-list\"><li>Write \u201cDefend the Defenders\u201d or another message on your hand<\/li><li>Post a photo of yourself with your left hand in front of your mouth with the hashtag #DefendTheDefenders<\/li><li>Mention one or more cases<\/li><li>Tag 2 friends and challenge them to do the same thing<\/li><li>Send your photo (in its original quality) to <a href=\"mailto:defendthedefenders2020@gmail.com\">defendthedefenders2020@gmail.com<\/a><\/li><li>Your photo will be included in a montage and distributed on 10\/12 via <a href=\"https:\/\/www.facebook.com\/StopTheKillingsBelgium\">Stop the Killings Belgium<\/a> and other platforms<\/li><\/ul>\n\n\n\n<h2 class=\"wp-block-heading\"><strong>Open letter<\/strong><\/h2>\n\n\n\n<ul class=\"wp-block-list\"><li>On 10 December, we will also be sending an open letter to the Minister of Foreign Affairs.<\/li><li>If you would like to sign our letter as an organisation, please send an e-mail by 5 December at the latest to <a href=\"mailto:veronique.coteur@intal.be\">veronique.coteur@intal.be<\/a><\/li><li>Read all about Defend the Defenders 2020 at<a href=\"https:\/\/defendthedefenders2020.wordpress.com\/\"> https:\/\/defendthedefenders2020.wordpress.com<\/a><\/li><\/ul>","protected":false},"excerpt":{"rendered":"<p>On 10 December, together with a wide range of trade unions and non-governmental organisations, we are organising a major online action in support of social movements. Get involved!<\/p>","protected":false},"author":15,"featured_media":5870,"comment_status":"closed","ping_status":"closed","sticky":false,"template":"","format":"standard","meta":{"_acf_changed":false,"_seopress_robots_primary_cat":"","_seopress_titles_title":"","_seopress_titles_desc":"Le 10 d\u00e9cembre, nous organisons aux c\u00f4t\u00e9s d\u2019un large \u00e9ventail de syndicats et d\u2019organisations non gouvernementales, une importante action en ligne en soutien aux mouvements sociaux. Participez !","_seopress_robots_index":"","footnotes":""},"categories":[237],"tags":[368,337],"pays":[],"class_list":["post-5875","post","type-post","status-publish","format-standard","has-post-thumbnail","hentry","category-action","tag-defend-the-defenders-fr","tag-mouvements-sociaux"],"acf":[],"_links":{"self":[{"href":"https:\/\/www.vivasalud.be\/en\/wp-json\/wp\/v2\/posts\/5875","targetHints":{"allow":["GET"]}}],"collection":[{"href":"https:\/\/www.vivasalud.be\/en\/wp-json\/wp\/v2\/posts"}],"about":[{"href":"https:\/\/www.vivasalud.be\/en\/wp-json\/wp\/v2\/types\/post"}],"author":[{"embeddable":true,"href":"https:\/\/www.vivasalud.be\/en\/wp-json\/wp\/v2\/users\/15"}],"replies":[{"embeddable":true,"href":"https:\/\/www.vivasalud.be\/en\/wp-json\/wp\/v2\/comments?post=5875"}],"version-history":[{"count":0,"href":"https:\/\/www.vivasalud.be\/en\/wp-json\/wp\/v2\/posts\/5875\/revisions"}],"wp:featuredmedia":[{"embeddable":true,"href":"https:\/\/www.vivasalud.be\/en\/wp-json\/wp\/v2\/media\/5870"}],"wp:attachment":[{"href":"https:\/\/www.vivasalud.be\/en\/wp-json\/wp\/v2\/media?parent=5875"}],"wp:term":[{"taxonomy":"category","embeddable":true,"href":"https:\/\/www.vivasalud.be\/en\/wp-json\/wp\/v2\/categories?post=5875"},{"taxonomy":"post_tag","embeddable":true,"href":"https:\/\/www.vivasalud.be\/en\/wp-json\/wp\/v2\/tags?post=5875"},{"taxonomy":"pays","embeddable":true,"href":"https:\/\/www.vivasalud.be\/en\/wp-json\/wp\/v2\/pays?post=5875"}],"curies":[{"name":"wp","href":"https:\/\/api.w.org\/{rel}","templated":true}]}}