{"id":6130,"date":"2020-12-10T10:28:09","date_gmt":"2020-12-10T09:28:09","guid":{"rendered":"https:\/\/www.vivasalud.be\/defendthedefenders-meer-dan-50-sociale-organisaties-trekken-aan-de-alarmbel\/"},"modified":"2021-11-09T10:16:50","modified_gmt":"2021-11-09T09:16:50","slug":"defendthedefenders-more-than-50-social-organisations-sound-the-alarm","status":"publish","type":"post","link":"https:\/\/www.vivasalud.be\/en\/blog\/2020\/12\/10\/defendthedefenders-plus-de-50-organisations-sociales-tirent-la-sonnette-d-alarme\/","title":{"rendered":"#DefendTheDefenders: over 50 social organisations sound the alarm"},"content":{"rendered":"<p><strong><strong>On 10 December, International Human Rights Day, we are sounding the alarm together with more than 50 organisations and 300 citizens. All over the world, social movements and human rights defenders are under threat. This trend has been going on for years, but has been exacerbated by the pandemic. Activists are victims of intimidation, harassment, false accusations, illegal arrests, kidnappings and even murder.<\/strong><\/strong><\/p>\n\n\n\n<h2 class=\"wp-block-heading\"><strong>Human rights defenders and social movements under pressure<\/strong><\/h2>\n\n\n\n<p><strong>Bernardo Caal Xol, from Guatemala<\/strong>, was arrested more than two years ago in his native region of Cob\u00e1n. Multinationals, including Spanish ones, are building dams in this region, appropriating land and polluting the environment. What's more, the multinationals have diverted the water so that the villages are facing water shortages. Bernardo organised the local indigenous communities and was therefore sentenced to 7 years and 4 months in prison.<\/p>\n\n\n\n<p>In the <strong>Honduras<\/strong> neighbour, fighting to protect the environment puts you in mortal danger. This country is one of the most dangerous for environmental activists. According to Global Witness, more than 120 activists have been murdered since 2010, while others are in prison. <strong>Eight activists from the village of Guapinol<\/strong> have been detained since 2015 because of their opposition to two mining companies that are poisoning water sources for thousands of people.<\/p>\n\n\n\n<p><strong>Colombia<\/strong> is the most dangerous country in the world for trade unionists and human rights activists. In October, <strong>Jayder Quintana<\/strong>, an 18-year-old trade union activist and human rights defender, was murdered. He was a member of the Fensuagro trade union. Since the signing of the peace agreement in 2016 between the Colombian government and FARC, more than 1,000 activists have been murdered.<\/p>\n\n\n\n<p><strong>In the Philippines, Zara Alvarez <\/strong>was a campaigner for the right to health and human rights. On 17 August 2020, Zara was brutally murdered because of her commitment to her community. Several Belgian NGOs have reported this case to the Philippine ambassador. To date, there has been no reaction.<\/p>\n\n\n\n<p><strong>Thierry Bodson<\/strong>, the President of the FGTB, and <strong>sixteen other trade unionists<\/strong> were given suspended prison sentences and fines ranging from 600 to 4,800 euros by the Li\u00e8ge criminal court on Monday 23 November for \u00abmaliciously obstructing traffic\u00bb. After the conviction of the president of the FGTB Antwerp <strong>Bruno Verlaeckt<\/strong> two years ago, this new conviction of trade unionists is extremely worrying. It jeopardises social action, the right to strike and the right to picket. Stop the criminalisation of social movements.<\/p>\n\n\n\n<h2 class=\"wp-block-heading\">Open letter<\/h2>\n\n\n\n<p>We have sent <a href=\"https:\/\/defendthedefenders2020.wordpress.com\/2020\/11\/19\/carte-blanche\/\" target=\"_blank\" rel=\"noreferrer noopener\">an open letter<\/a> to the Minister of the Interior and Foreign Affairs with clear demands. We are calling for the protection of social movements and for Belgium to pursue a coherent foreign policy on the protection of human rights.<\/p>\n\n\n\n<p>More than 300 citizens are reinforcing the demands in <a href=\"https:\/\/www.youtube.com\/watch?v=4HKxgU8qdRc\" target=\"_blank\" rel=\"noreferrer noopener\">a video<\/a><\/p>\n\n\n\n<div class=\"wp-block-buttons is-layout-flex wp-block-buttons-is-layout-flex\">\n<div class=\"wp-block-button\"><a class=\"wp-block-button__link\" href=\"https:\/\/defendthedefenders2020.wordpress.com\/\"><strong><span class=\"has-inline-color has-white-color\">&gt; <\/span>More info<\/strong><\/a><\/div>\n<\/div>","protected":false},"excerpt":{"rendered":"<p>On 10 December, International Human Rights Day, we are sounding the alarm together with more than 50 organisations and 300 citizens. We are calling for the protection of social movements and for Belgium to pursue a coherent foreign policy on the protection of human rights.<\/p>","protected":false},"author":15,"featured_media":0,"comment_status":"closed","ping_status":"closed","sticky":false,"template":"","format":"video","meta":{"_acf_changed":false,"_seopress_robots_primary_cat":"","_seopress_titles_title":"","_seopress_titles_desc":"Le 10 d\u00e9cembre, Journ\u00e9e internationale des droits humains, nous tirons la sonnette d&#039;alarme avec plus de 50 organisations et 300 citoyen.ne.s . Nous demandons Nous demandons la protection des mouvements sociaux et exigeons que la Belgique m\u00e8ne une politique \u00e9trang\u00e8re coh\u00e9rente en ce qui concerne la protection des droits humains.","_seopress_robots_index":"","footnotes":""},"categories":[237],"tags":[368,176,337],"pays":[],"class_list":["post-6130","post","type-post","status-publish","format-video","hentry","category-action","tag-defend-the-defenders-fr","tag-droits-humains","tag-mouvements-sociaux","post_format-post-format-video"],"acf":[],"_links":{"self":[{"href":"https:\/\/www.vivasalud.be\/en\/wp-json\/wp\/v2\/posts\/6130","targetHints":{"allow":["GET"]}}],"collection":[{"href":"https:\/\/www.vivasalud.be\/en\/wp-json\/wp\/v2\/posts"}],"about":[{"href":"https:\/\/www.vivasalud.be\/en\/wp-json\/wp\/v2\/types\/post"}],"author":[{"embeddable":true,"href":"https:\/\/www.vivasalud.be\/en\/wp-json\/wp\/v2\/users\/15"}],"replies":[{"embeddable":true,"href":"https:\/\/www.vivasalud.be\/en\/wp-json\/wp\/v2\/comments?post=6130"}],"version-history":[{"count":0,"href":"https:\/\/www.vivasalud.be\/en\/wp-json\/wp\/v2\/posts\/6130\/revisions"}],"wp:attachment":[{"href":"https:\/\/www.vivasalud.be\/en\/wp-json\/wp\/v2\/media?parent=6130"}],"wp:term":[{"taxonomy":"category","embeddable":true,"href":"https:\/\/www.vivasalud.be\/en\/wp-json\/wp\/v2\/categories?post=6130"},{"taxonomy":"post_tag","embeddable":true,"href":"https:\/\/www.vivasalud.be\/en\/wp-json\/wp\/v2\/tags?post=6130"},{"taxonomy":"pays","embeddable":true,"href":"https:\/\/www.vivasalud.be\/en\/wp-json\/wp\/v2\/pays?post=6130"}],"curies":[{"name":"wp","href":"https:\/\/api.w.org\/{rel}","templated":true}]}}