{"id":6535,"date":"2021-02-11T12:29:36","date_gmt":"2021-02-11T11:29:36","guid":{"rendered":"https:\/\/www.vivasalud.be\/kick-off-paascampagne-voor-cuba\/"},"modified":"2021-04-12T10:10:55","modified_gmt":"2021-04-12T08:10:55","slug":"kick-off-easter-campaign-for-cuba","status":"publish","type":"post","link":"https:\/\/www.vivasalud.be\/en\/blog\/2021\/02\/11\/kick-off-campagne-de-paques-pour-cuba\/","title":{"rendered":"Kick-off: Easter campaign for Cuba"},"content":{"rendered":"<p><strong>On Wednesday, 24 February, we will launch <a href=\"https:\/\/www.vivasalud.be\/fr\/en-action\/participez-a-nos-campagnes\/campagne-de-paques-pour-cuba\/\" target=\"_blank\" rel=\"noreferrer noopener\">the annual Easter campaign<\/a> with <a href=\"https:\/\/cubanismo.be\/\" target=\"_blank\" rel=\"noreferrer noopener\">Cubanismo.be<\/a>. This year, our campaign is dedicated to healthcare workers in Cuba. <\/strong><\/p>\n\n\n\n<p>The coronavirus crisis has shown how Cuba has managed to protect its population thanks to a well-thought-out plan that focuses on prevention, frontline care and cooperation with the population. However, the fight against the virus is not easy for a country with limited resources.<\/p>\n\n\n\n<p>During this online launch, we will present the 2021 campaign and a video message from our partner Centro Felix Varela. You will also learn how to get your favourite Easter eggs without taking any risks with regard to coronavirus.<\/p>\n\n\n\n<h2 class=\"wp-block-heading\">Practical information<\/h2>\n\n\n\n<p>&gt; <strong>Date<\/strong>: 24 February 2021 at 8 p.m.<br>&gt; You can <strong>register<\/strong> <a href=\"https:\/\/us02web.zoom.us\/webinar\/register\/WN_CndbyiX5Q4iG3zHJSSCtgA?fbclid=IwAR1h1qym2DO_bucwj6d2OL-IUDBip75d0KprfGcQZAG5L1W7YnHdutL_KL0\" target=\"_blank\" rel=\"noreferrer noopener\">via this link<\/a><br>&gt; One <strong>simultaneous interpretation<\/strong> is planned towards Dutch<br>&gt; Find out more at <a href=\"https:\/\/www.vivasalud.be\/fr\/en-action\/participez-a-nos-campagnes\/campagne-de-paques-pour-cuba\/\" target=\"_blank\" rel=\"noreferrer noopener\">the campaign page<\/a><\/p>\n\n\n\n<div class=\"wp-block-buttons is-layout-flex wp-block-buttons-is-layout-flex\">\n<div class=\"wp-block-button\"><a class=\"wp-block-button__link\" href=\"https:\/\/us02web.zoom.us\/...\/reg...\/WN_CndbyiX5Q4iG3zHJSSCtgA\" target=\"_blank\" rel=\"noreferrer noopener\"><strong><span class=\"has-inline-color has-white-color\">&gt; <\/span>Register<\/strong><\/a><\/div>\n<\/div>","protected":false},"excerpt":{"rendered":"<p>On Wednesday 24 February, we are launching our annual Easter campaign with Cubanismo.be. This year, our campaign is dedicated to healthcare workers in Cuba. <\/p>","protected":false},"author":15,"featured_media":6552,"comment_status":"closed","ping_status":"closed","sticky":false,"template":"","format":"standard","meta":{"_acf_changed":false,"_seopress_robots_primary_cat":"","_seopress_titles_title":"","_seopress_titles_desc":"Le mercredi 24 f\u00e9vrier, nous lan\u00e7ons la campagne annuelle de P\u00e2ques avec Cubanismo.be. Cette ann\u00e9e, notre campagne est d\u00e9di\u00e9e aux travailleurs et travailleuses de la sant\u00e9 \u00e0 Cuba.","_seopress_robots_index":"","footnotes":""},"categories":[53],"tags":[146,235,147,206,142,210],"pays":[],"class_list":["post-6535","post","type-post","status-publish","format-standard","has-post-thumbnail","hentry","category-agenda","tag-campagne-de-paques","tag-coronavirus-2-fr","tag-cuba-2-fr","tag-gezondheidszorg-fr","tag-paascampagne-fr","tag-soins-de-sante"],"acf":[],"_links":{"self":[{"href":"https:\/\/www.vivasalud.be\/en\/wp-json\/wp\/v2\/posts\/6535","targetHints":{"allow":["GET"]}}],"collection":[{"href":"https:\/\/www.vivasalud.be\/en\/wp-json\/wp\/v2\/posts"}],"about":[{"href":"https:\/\/www.vivasalud.be\/en\/wp-json\/wp\/v2\/types\/post"}],"author":[{"embeddable":true,"href":"https:\/\/www.vivasalud.be\/en\/wp-json\/wp\/v2\/users\/15"}],"replies":[{"embeddable":true,"href":"https:\/\/www.vivasalud.be\/en\/wp-json\/wp\/v2\/comments?post=6535"}],"version-history":[{"count":0,"href":"https:\/\/www.vivasalud.be\/en\/wp-json\/wp\/v2\/posts\/6535\/revisions"}],"wp:featuredmedia":[{"embeddable":true,"href":"https:\/\/www.vivasalud.be\/en\/wp-json\/wp\/v2\/media\/6552"}],"wp:attachment":[{"href":"https:\/\/www.vivasalud.be\/en\/wp-json\/wp\/v2\/media?parent=6535"}],"wp:term":[{"taxonomy":"category","embeddable":true,"href":"https:\/\/www.vivasalud.be\/en\/wp-json\/wp\/v2\/categories?post=6535"},{"taxonomy":"post_tag","embeddable":true,"href":"https:\/\/www.vivasalud.be\/en\/wp-json\/wp\/v2\/tags?post=6535"},{"taxonomy":"pays","embeddable":true,"href":"https:\/\/www.vivasalud.be\/en\/wp-json\/wp\/v2\/pays?post=6535"}],"curies":[{"name":"wp","href":"https:\/\/api.w.org\/{rel}","templated":true}]}}