{"id":7122,"date":"2021-03-18T17:04:19","date_gmt":"2021-03-18T16:04:19","guid":{"rendered":"https:\/\/www.vivasalud.be\/?p=7122"},"modified":"2021-03-24T14:57:51","modified_gmt":"2021-03-24T13:57:51","slug":"webinar-share-the-vaccine-not-the-virus","status":"publish","type":"post","link":"https:\/\/www.vivasalud.be\/en\/blog\/2021\/03\/18\/webinaire-partagez-le-vaccin-pas-le-virus\/","title":{"rendered":"31\/03 - Webinar: Vaccine apartheid in Palestine and around the world"},"content":{"rendered":"<p>Now that several vaccines against Covid 19 have been approved and vaccination campaigns have begun in various countries, hopes are growing that the pandemic may soon be brought to an end. But <strong>No one will be safe until we are all safe. That's why it's vital that the vaccine is accessible to everyone.<\/strong> And to achieve this, we need to take action. Share the vaccine, not the virus!<\/p>\n\n\n\n<h3 class=\"wp-block-heading\">Medical apartheid in Palestine<\/h3>\n\n\n\n<p>In recent weeks, Israel has been held up as an example. Nowhere else has a larger proportion of the population been vaccinated. If all goes according to plan, within a few weeks all Israeli citizens will have received their dose against COVID-19. But while 750,000 illegal settlers in the West Bank receive their vaccine, Palestinians remain on the sidelines. The Israeli government is doing nothing to protect the millions of Palestinians living under its military occupation.<\/p>\n\n\n\n<h3 class=\"wp-block-heading\">Global medical apartheid<\/h3>\n\n\n\n<p>Globally too, a form of medical apartheid is threatening. More than half the vaccines against COVID-19 have been distributed in just 10 rich countries. At the same time, more than 100 countries have not yet vaccinated any of their citizens.<\/p>\n\n\n\n<p>During our webinar, we will look together at the obstacles preventing rapid global immunity and examine the actions needed to expand global access to COVID-19 vaccines.<\/p>\n\n\n\n<h3 class=\"wp-block-heading\">Practical information<\/h3>\n\n\n\n<p>&gt; <strong>Date<\/strong>Wednesday 31 March at 7.30pm<\/p>\n\n\n\n<p>&gt; <strong>Speakers:<\/strong><\/p>\n\n\n\n<ul class=\"wp-block-list\"><li><strong>Ubai Aboudi<\/strong> Bisan Center For Research and Development, Palestine<\/li><li><strong>Julie Steendam<\/strong>, coordinator of the European citizens\u2018 initiative \u2019No profit on the pandemic'.\u2019<\/li><\/ul>\n\n\n\n<p>&gt; <strong>Language<\/strong>in English with simultaneous translation into French and Dutch<\/p>\n\n\n\n<div class=\"wp-block-buttons is-layout-flex wp-block-buttons-is-layout-flex\">\n<div class=\"wp-block-button\"><a class=\"wp-block-button__link\" href=\"https:\/\/us02web.zoom.us\/webinar\/register\/WN_GRzMaLSHTVqdG24-Ts8vNQ?fbclid=IwAR0gz_qCtYsr5uI4eaz-80C512Qfc5CudhfGzDQdoIrREK8Rlq9OF-gaLb4\" target=\"_blank\" rel=\"noreferrer noopener\"><strong><span class=\"has-inline-color has-white-color\">&gt; I would like to register<\/span><\/strong><\/a><\/div>\n<\/div>","protected":false},"excerpt":{"rendered":"<p>In a webinar on 31 March, we'll be looking together at the obstacles to rapid global immunity and what you can do about them. With speakers from Palestine and Europe.<\/p>","protected":false},"author":15,"featured_media":7321,"comment_status":"closed","ping_status":"closed","sticky":false,"template":"","format":"standard","meta":{"_acf_changed":false,"_seopress_robots_primary_cat":"","_seopress_titles_title":"","_seopress_titles_desc":"Le 31 mars, lors d&#039;un webinaire, nous partirons ensemble \u00e0 la recherche des obstacles qui emp\u00eachent une immunit\u00e9 mondiale rapide et ce que vous pouvez faire. Avec des intervenant.e.s de la Palestine et de l&#039;Europe.","_seopress_robots_index":"","footnotes":""},"categories":[53],"tags":[413,467,196,449,411,270],"pays":[119],"class_list":["post-7122","post","type-post","status-publish","format-standard","has-post-thumbnail","hentry","category-agenda","tag-brevets","tag-corona","tag-covid-19-fr","tag-no-profit-on-pandemic-fr","tag-patenten-fr","tag-vaccin-fr","pays-palestine"],"acf":[],"_links":{"self":[{"href":"https:\/\/www.vivasalud.be\/en\/wp-json\/wp\/v2\/posts\/7122","targetHints":{"allow":["GET"]}}],"collection":[{"href":"https:\/\/www.vivasalud.be\/en\/wp-json\/wp\/v2\/posts"}],"about":[{"href":"https:\/\/www.vivasalud.be\/en\/wp-json\/wp\/v2\/types\/post"}],"author":[{"embeddable":true,"href":"https:\/\/www.vivasalud.be\/en\/wp-json\/wp\/v2\/users\/15"}],"replies":[{"embeddable":true,"href":"https:\/\/www.vivasalud.be\/en\/wp-json\/wp\/v2\/comments?post=7122"}],"version-history":[{"count":0,"href":"https:\/\/www.vivasalud.be\/en\/wp-json\/wp\/v2\/posts\/7122\/revisions"}],"wp:featuredmedia":[{"embeddable":true,"href":"https:\/\/www.vivasalud.be\/en\/wp-json\/wp\/v2\/media\/7321"}],"wp:attachment":[{"href":"https:\/\/www.vivasalud.be\/en\/wp-json\/wp\/v2\/media?parent=7122"}],"wp:term":[{"taxonomy":"category","embeddable":true,"href":"https:\/\/www.vivasalud.be\/en\/wp-json\/wp\/v2\/categories?post=7122"},{"taxonomy":"post_tag","embeddable":true,"href":"https:\/\/www.vivasalud.be\/en\/wp-json\/wp\/v2\/tags?post=7122"},{"taxonomy":"pays","embeddable":true,"href":"https:\/\/www.vivasalud.be\/en\/wp-json\/wp\/v2\/pays?post=7122"}],"curies":[{"name":"wp","href":"https:\/\/api.w.org\/{rel}","templated":true}]}}