{"id":7195,"date":"2021-03-23T13:57:05","date_gmt":"2021-03-23T12:57:05","guid":{"rendered":"https:\/\/www.vivasalud.be\/hanne-tekent-jij-ook\/"},"modified":"2021-07-07T16:59:01","modified_gmt":"2021-07-07T14:59:01","slug":"hanne-a-signe-vous-aussi","status":"publish","type":"post","link":"https:\/\/www.vivasalud.be\/en\/blog\/2021\/03\/23\/hanne-a-signe-vous-aussi\/","title":{"rendered":"Hanne a sign\u00e9. Vous aussi ?"},"content":{"rendered":"<p><strong>Hanne Bosselaers est m\u00e9decin chez <a href=\"https:\/\/www.gvhv-mplp.be\/index.php\/fr\/\" target=\"_blank\" rel=\"noreferrer noopener\">Medicine for the People<\/a> \u00e0 Molenbeek. En 2021-2013, elle a fait 4 mois de b\u00e9n\u00e9volat \u00e0 l\u2019Union of Health Work Committees, le partenaire de Viva Salud \u00e0 Gaza. Nous lui avons demand\u00e9 comment se d\u00e9roule la campagne de vaccination en Palestine et pourquoi elle soutient l&rsquo;initiative citoyenne europ\u00e9enne \u00ab\u00a0Pas de profit sur la pand\u00e9mie\u00a0\u00bb.<\/strong><\/p>\n\n\n\n<h2 class=\"wp-block-heading\"><strong>Comment se d\u00e9roule la campagne de vaccination en Palestine ?<\/strong><\/h2>\n\n\n\n<p>\u201cGaza \u00e9tant sous blocus, il est d\u00e9j\u00e0 tr\u00e8s difficile de trouver des m\u00e9dicaments de base, alors organiser une campagne de vaccination, \u00e7a me semble vraiment difficile. Il faut une cha\u00eene du froid, avec des frigos qui fonctionnent, avec la certitude que l\u2019\u00e9lectricit\u00e9 ne sera pas coup\u00e9e, parce que sinon, les vaccins ne pourront \u00eatre conserv\u00e9s \u00e0 la bonne temp\u00e9rature et il y aura une perte de qualit\u00e9. Je pense qu\u2019il faudra un \u00e9norme tour de force pour lancer une campagne de vaccination efficace pour y recevoir les vaccins.<\/p>\n\n\n\n<p>Ce ne sera pas faute de volontaires, il y en a suffisamment. Et on trouvera certainement des gens pour vacciner. Les Palestiniens sont toujours pr\u00eats \u00e0 aider leur prochain, je ne me fais donc pas de soucis \u00e0 ce sujet, mais la logistique pour la vaccination sera tr\u00e8s lourde et nous avons aussi l\u00e0 une population tr\u00e8s fragile confront\u00e9e \u00e0 beaucoup de probl\u00e8mes mentaux et de sant\u00e9. Ce sera donc tr\u00e8s difficile de persuader les gens \u00e0 se laisser vacciner. Et en plus, il faut qu\u2019il y ait assez de vaccins de qualit\u00e9 suffisante.&nbsp;Les d\u00e9fis sont donc tr\u00e8s nombreux.\u201d&nbsp;<\/p>\n\n\n\n<h2 class=\"wp-block-heading\"><strong>La lev\u00e9e des brevets sur les vaccins contre la corona serait-elle utile ?<\/strong><\/h2>\n\n\n\n<p>\u201cLa lev\u00e9e du brevet sur le vaccin covid est tr\u00e8s importante pour les Palestiniens, mais aussi pour tous les autres citoyens du monde. Car sans une production importante qui r\u00e9ponde \u00e0 toutes les capacit\u00e9s de production, on ne pourra jamais produire suffisamment de vaccins. Tant que le vaccin reste entre les mains de quelques multinationales pharmaceutiques, la production sera trop lente, et les Palestiniens ne sont certainement pas les premiers dans la file pour pouvoir acheter de grandes quantit\u00e9s de vaccins avec leur petit budget et tous les probl\u00e8mes logistiques caus\u00e9s par l\u2019occupation. Et donc oui, pour que les Palestiniens puissent \u00eatre vaccin\u00e9s, il est indispensable de casser le brevet.<\/p>\n\n\n\n<p>On l\u2019a vu, Isra\u00ebl a vaccin\u00e9 tr\u00e8s rapidement et en grand nombre&nbsp;ses citoyens isra\u00e9liens, mais les Palestiniens n\u2019ont pas pu en profiter. Il n\u2019y a pas seulement un mur physique, il y a aussi un grand mur sanitaire&nbsp;entre les deux parties d\u2019un m\u00eame pays. Et donc il faut absolument que les brevets soient lev\u00e9s, afin que des pays comme la Palestine aient eux aussi acc\u00e8s au vaccin.\u201d<\/p>\n\n\n\n<blockquote class=\"wp-block-quote is-layout-flow wp-block-quote-is-layout-flow\"><p>\u201cVoil\u00e0 pourquoi je soutiens l\u2019initiative citoyenne europ\u00e9enne pour un vaccin pour tous. Et vous aussi&nbsp;?\u201d<\/p><\/blockquote>\n\n\n\n<div class=\"wp-block-buttons is-layout-flex wp-block-buttons-is-layout-flex\">\n<div class=\"wp-block-button\"><a class=\"wp-block-button__link\" href=\"https:\/\/noprofitonpandemic.eu\/fr\" target=\"_blank\" rel=\"noreferrer noopener\"><strong>&gt; Oui, je signe l&rsquo;initiative citoyenne<\/strong><\/a><\/div>\n<\/div>\n\n\n\n<div class=\"wp-block-buttons is-layout-flex wp-block-buttons-is-layout-flex\">\n<div class=\"wp-block-button\"><a class=\"wp-block-button__link\" href=\"https:\/\/www.vivasalud.be\/fr\/partagez-le-vaccin-pas-le-virus\/\" target=\"_blank\" rel=\"noreferrer noopener\"><strong><span class=\"has-inline-color has-white-color\">&gt;  D\u00e9couvrez la campagne \u00ab\u00a0Partagez le vaccin, pas le virus\u00a0\u00bb<\/span><\/strong><\/a><\/div>\n<\/div>\n\n\n\n<p><strong><em>Interview and video : Logan Danhier<\/em><\/strong><\/p>","protected":false},"excerpt":{"rendered":"<p>Hanne Bosselaers est m\u00e9decin chez M\u00e9decine pour le Peuple \u00e0 Molenbeek. Nous lui avons demand\u00e9 comment se d\u00e9roule la campagne de vaccination en Palestine et pourquoi elle soutient l&rsquo;initiative citoyenne europ\u00e9enne \u00ab\u00a0Pas de profit sur la pand\u00e9mie\u00a0\u00bb.<\/p>","protected":false},"author":15,"featured_media":0,"comment_status":"closed","ping_status":"closed","sticky":false,"template":"","format":"video","meta":{"_acf_changed":false,"_seopress_robots_primary_cat":"","_seopress_titles_title":"","_seopress_titles_desc":"Hanne Bosselaers est m\u00e9decin chez M\u00e9decine pour le Peuple \u00e0 Molenbeek. En 2021-2013, elle a fait 4 mois de b\u00e9n\u00e9volat \u00e0 l\u2019Union of Health Work Committees, le partenaire de Viva Salud \u00e0 Gaza. Nous lui avons demand\u00e9 comment se d\u00e9roule la campagne de vaccination en Palestine et pourquoi elle soutient l&#039;initiative citoyenne europ\u00e9enne &quot;Pas de profit sur la pand\u00e9mie&quot;.","_seopress_robots_index":"","footnotes":""},"categories":[1],"tags":[235,470,410,118,414,270],"pays":[119],"class_list":["post-7195","post","type-post","status-publish","format-video","hentry","category-geen-onderdeel-van-een-categorie","tag-coronavirus-2-fr","tag-covidvaccin-fr","tag-europees-burgerinitiatief-fr","tag-gaza","tag-initiative-citoyenne-europeenne","tag-vaccin-fr","post_format-post-format-video","pays-palestine"],"acf":[],"_links":{"self":[{"href":"https:\/\/www.vivasalud.be\/en\/wp-json\/wp\/v2\/posts\/7195","targetHints":{"allow":["GET"]}}],"collection":[{"href":"https:\/\/www.vivasalud.be\/en\/wp-json\/wp\/v2\/posts"}],"about":[{"href":"https:\/\/www.vivasalud.be\/en\/wp-json\/wp\/v2\/types\/post"}],"author":[{"embeddable":true,"href":"https:\/\/www.vivasalud.be\/en\/wp-json\/wp\/v2\/users\/15"}],"replies":[{"embeddable":true,"href":"https:\/\/www.vivasalud.be\/en\/wp-json\/wp\/v2\/comments?post=7195"}],"version-history":[{"count":0,"href":"https:\/\/www.vivasalud.be\/en\/wp-json\/wp\/v2\/posts\/7195\/revisions"}],"wp:attachment":[{"href":"https:\/\/www.vivasalud.be\/en\/wp-json\/wp\/v2\/media?parent=7195"}],"wp:term":[{"taxonomy":"category","embeddable":true,"href":"https:\/\/www.vivasalud.be\/en\/wp-json\/wp\/v2\/categories?post=7195"},{"taxonomy":"post_tag","embeddable":true,"href":"https:\/\/www.vivasalud.be\/en\/wp-json\/wp\/v2\/tags?post=7195"},{"taxonomy":"pays","embeddable":true,"href":"https:\/\/www.vivasalud.be\/en\/wp-json\/wp\/v2\/pays?post=7195"}],"curies":[{"name":"wp","href":"https:\/\/api.w.org\/{rel}","templated":true}]}}