{"id":7275,"date":"2021-03-23T17:12:21","date_gmt":"2021-03-23T16:12:21","guid":{"rendered":"https:\/\/www.vivasalud.be\/7-april-voer-mee-actie-voor-het-recht-op-gezondheid\/"},"modified":"2021-03-25T15:48:57","modified_gmt":"2021-03-25T14:48:57","slug":"7-april-take-part-in-actions-for-the-right-to-health","status":"publish","type":"post","link":"https:\/\/www.vivasalud.be\/en\/blog\/2021\/03\/23\/7-avril-participez-aux-actions-pour-le-droit-a-la-sante\/","title":{"rendered":"07\/04: Take part in actions for the right to health!"},"content":{"rendered":"<p><strong>Wednesday 7 April is International Health Day. We are planning actions against the privatisation and commercialisation of our health care.<\/strong><\/p>\n\n\n\n<p>This year's actions are under the banner of the \u00abno profit on the pandemic\u00bb European citizens' initiative. The aim of this initiative is to gather 1 million signatures to urge the European Commission to make the corona vaccine a public good.<\/p>\n\n\n\n<h2 class=\"wp-block-heading\">Take part<\/h2>\n\n\n\n<p><strong>Online<\/strong> Display a white sheet or white paper outside your window with the slogan \u00abshare the vaccine, not the virus\u00bb, take a photo of it and post it on your social networks. Use the hashtags #health4all, #noprofitonpandemic and #Right2Cure.<\/p>\n\n\n\n<p>Add your photo to <a href=\"https:\/\/www.google.com\/maps\/d\/u\/0\/edit?mid=1v0YfB-5_XK9w6U4enPtBu2CPzS1TtkYr&amp;ll=50.851244581460605%2C4.391404322128447&amp;z=13\" target=\"_blank\" rel=\"noreferrer noopener\">this interactive map<\/a>.<br><br>Step 1: Click on the pin to add a marker (see image)<br>Step 2: Click on your exact location on the map.<br>Step 3: Add a title and your photo in the window that opens.<br>Step 4: Click on \u00abSave\u00bb.<\/p>\n\n\n\n<p><strong>Offline<\/strong> We will be gathering in front of the European Parliament between 12 and 1pm. Would you like to take part? Then send an e-mail to <a href=\"mailto:marilyse@vivasalud.be\">marilyse@vivasalud.be<\/a>. Due to corona measures, advance registration is compulsory. You can also follow the action live on our social networks!<\/p>","protected":false},"excerpt":{"rendered":"<p>Wednesday 7 April is International Health Day. We are planning actions against the privatisation and commercialisation of our health care.<\/p>","protected":false},"author":15,"featured_media":7301,"comment_status":"closed","ping_status":"closed","sticky":false,"template":"","format":"standard","meta":{"_acf_changed":false,"_seopress_robots_primary_cat":"","_seopress_titles_title":"","_seopress_titles_desc":"Le mercredi 7 avril c&#039;est la journ\u00e9e internationale de la sant\u00e9. Nous pr\u00e9voyons des actions contre la privatisation et la commercialisation de nos soins de sant\u00e9.","_seopress_robots_index":"","footnotes":""},"categories":[237],"tags":[475,214,235,479,481,477,478],"pays":[119],"class_list":["post-7275","post","type-post","status-publish","format-standard","has-post-thumbnail","hentry","category-action","tag-7-april","tag-coronapandemie-fr","tag-coronavirus-2-fr","tag-journee-internationale-de-la-sante","tag-privatisations","tag-privatisering-fr","tag-wereldgezondheidsdag-fr","pays-palestine"],"acf":[],"_links":{"self":[{"href":"https:\/\/www.vivasalud.be\/en\/wp-json\/wp\/v2\/posts\/7275","targetHints":{"allow":["GET"]}}],"collection":[{"href":"https:\/\/www.vivasalud.be\/en\/wp-json\/wp\/v2\/posts"}],"about":[{"href":"https:\/\/www.vivasalud.be\/en\/wp-json\/wp\/v2\/types\/post"}],"author":[{"embeddable":true,"href":"https:\/\/www.vivasalud.be\/en\/wp-json\/wp\/v2\/users\/15"}],"replies":[{"embeddable":true,"href":"https:\/\/www.vivasalud.be\/en\/wp-json\/wp\/v2\/comments?post=7275"}],"version-history":[{"count":0,"href":"https:\/\/www.vivasalud.be\/en\/wp-json\/wp\/v2\/posts\/7275\/revisions"}],"wp:featuredmedia":[{"embeddable":true,"href":"https:\/\/www.vivasalud.be\/en\/wp-json\/wp\/v2\/media\/7301"}],"wp:attachment":[{"href":"https:\/\/www.vivasalud.be\/en\/wp-json\/wp\/v2\/media?parent=7275"}],"wp:term":[{"taxonomy":"category","embeddable":true,"href":"https:\/\/www.vivasalud.be\/en\/wp-json\/wp\/v2\/categories?post=7275"},{"taxonomy":"post_tag","embeddable":true,"href":"https:\/\/www.vivasalud.be\/en\/wp-json\/wp\/v2\/tags?post=7275"},{"taxonomy":"pays","embeddable":true,"href":"https:\/\/www.vivasalud.be\/en\/wp-json\/wp\/v2\/pays?post=7275"}],"curies":[{"name":"wp","href":"https:\/\/api.w.org\/{rel}","templated":true}]}}