{"id":7336,"date":"2021-03-24T16:46:44","date_gmt":"2021-03-24T15:46:44","guid":{"rendered":"https:\/\/www.vivasalud.be\/?p=7336"},"modified":"2022-06-16T11:58:19","modified_gmt":"2022-06-16T09:58:19","slug":"defi-du-printemps-faire-du-sport-pour-chasser-le-virus","status":"publish","type":"post","link":"https:\/\/www.vivasalud.be\/en\/blog\/2021\/03\/24\/defi-du-printemps-faire-du-sport-pour-chasser-le-virus\/","title":{"rendered":"D\u00e9fi du printemps : faire du sport pour chasser le virus !"},"content":{"rendered":"<p><strong>Malheureusement, les 20 km de Bruxelles n&rsquo;auront pas lieu ce printemps. C&rsquo;est pourquoi nous lan\u00e7ons un d\u00e9fi du printemps dans le respect des mesures sanitaires. Parce qu&rsquo;agir ensemble pour le droit \u00e0 la sant\u00e9 est toujours possible !<\/strong><\/p>\n\n\n\n<h2 class=\"wp-block-heading\"><strong>What can you do?<\/strong><\/h2>\n\n\n\n<p>R\u00e9unissez vos amies et amis, votre famille, vos coll\u00e8gues, les membres de votre association&#8230; et choisissez un sport que vous aimez. Ensuite, fixez un objectif commun comme 100 km de course \u00e0 pied ou 500 km de v\u00e9lo et demandez aux autres de vous encourager en faisant un don \u00e0 Viva Salud ! Ca vous motivera encore plus pour atteindre votre objectif et soutenir notre campagne \u00ab\u00a0Partagez le vaccin, pas le virus\u00a0\u00bb. Vous pouvez trouver plus d&rsquo;informations sur la page de notre <a href=\"https:\/\/www.vivasalud.be\/fr\/partagez-le-vaccin-pas-le-virus\/\" target=\"_blank\" rel=\"noreferrer noopener\">campaign<\/a>.<\/p>\n\n\n\n<div class=\"wp-block-buttons is-layout-flex wp-block-buttons-is-layout-flex\">\n<div class=\"wp-block-button\"><a class=\"wp-block-button__link\" href=\"https:\/\/www.vivasalud.be\/fr\/inscrivez-vous-au-defi-printemps\/\" target=\"_blank\" rel=\"noreferrer noopener\"><strong><span class=\"has-inline-color has-white-color\">&gt; I would like to register<\/span><\/strong><\/a><\/div>\n<\/div>\n\n\n\n<h2 class=\"wp-block-heading\"><strong>Comment proc\u00e9der?<\/strong><\/h2>\n\n\n\n<p>Cr\u00e9ez votre propre page d&rsquo;action sur <a href=\"https:\/\/actions.vivasalud.be\/share-vaccine-stop-virus\" target=\"_blank\" rel=\"noreferrer noopener\">actions.vivasalud.be<\/a>. Ensuite, vous partagez cette page (via Facebook, WhatsApp, e-mail, &#8230;) avec vos ami.e.s et votre famille, dans les semaines et les jours pr\u00e9c\u00e9dant et suivant votre action.<\/p>\n\n\n\n<p>OR<\/p>\n\n\n\n<p>Pr\u00e9f\u00e9rez-vous travailler via Facebook ? C&rsquo;est possible : avec une simple r\u00e9colte de fonds sur <a href=\"https:\/\/www.facebook.com\/fund\/vivasaludbe\" target=\"_blank\" rel=\"noreferrer noopener\">Facebook<\/a> for Viva Salud.<\/p>\n\n\n\n<h2 class=\"wp-block-heading\"><strong>Nous sommes l\u00e0 pour vous aider!<\/strong><\/h2>\n\n\n\n<p>Nous serions ravi.e.s de vous aider \u00e0 fixer vos objectifs et \u00e0 \u00e9laborer un plan de r\u00e9colte de fonds.<br>Int\u00e9ress\u00e9.e ? Envoyez un courriel \u00e0 <a href=\"mailto:kyra@vivasalud.be\" target=\"_blank\" rel=\"noreferrer noopener\">kyra@vivasalud.be<\/a> <\/p>\n\n\n\n<p>Vous voulez vous y prendre tout de suite ? <\/p>\n\n\n\n<div class=\"wp-block-buttons is-layout-flex wp-block-buttons-is-layout-flex\">\n<div class=\"wp-block-button\"><a class=\"wp-block-button__link\" href=\"https:\/\/www.vivasalud.be\/fr\/inscrivez-vous-au-defi-printemps\/\" target=\"_blank\" rel=\"noreferrer noopener\"><strong><span class=\"has-inline-color has-white-color\">&gt; Inscrivez-vous maitenant<\/span><\/strong><\/a><\/div>\n<\/div>","protected":false},"excerpt":{"rendered":"<p>Agir ensemble pour le droit \u00e0 la sant\u00e9 est toujours possible !<\/p>","protected":false},"author":15,"featured_media":7334,"comment_status":"closed","ping_status":"closed","sticky":false,"template":"","format":"standard","meta":{"_acf_changed":false,"_seopress_robots_primary_cat":"","_seopress_titles_title":"","_seopress_titles_desc":"Deze lente gaat de 20 kilometer van Brussel jammer genoeg niet door. Daarom lanceren we zelf een corona-proof lente challenge. Want samen sporten voor het recht op gezondheid kan altijd! Doe je ook mee?","_seopress_robots_index":"","footnotes":""},"categories":[237],"tags":[241,270],"pays":[],"class_list":["post-7336","post","type-post","status-publish","format-standard","has-post-thumbnail","hentry","category-action","tag-sport-fr","tag-vaccin-fr"],"acf":[],"_links":{"self":[{"href":"https:\/\/www.vivasalud.be\/en\/wp-json\/wp\/v2\/posts\/7336","targetHints":{"allow":["GET"]}}],"collection":[{"href":"https:\/\/www.vivasalud.be\/en\/wp-json\/wp\/v2\/posts"}],"about":[{"href":"https:\/\/www.vivasalud.be\/en\/wp-json\/wp\/v2\/types\/post"}],"author":[{"embeddable":true,"href":"https:\/\/www.vivasalud.be\/en\/wp-json\/wp\/v2\/users\/15"}],"replies":[{"embeddable":true,"href":"https:\/\/www.vivasalud.be\/en\/wp-json\/wp\/v2\/comments?post=7336"}],"version-history":[{"count":0,"href":"https:\/\/www.vivasalud.be\/en\/wp-json\/wp\/v2\/posts\/7336\/revisions"}],"wp:featuredmedia":[{"embeddable":true,"href":"https:\/\/www.vivasalud.be\/en\/wp-json\/wp\/v2\/media\/7334"}],"wp:attachment":[{"href":"https:\/\/www.vivasalud.be\/en\/wp-json\/wp\/v2\/media?parent=7336"}],"wp:term":[{"taxonomy":"category","embeddable":true,"href":"https:\/\/www.vivasalud.be\/en\/wp-json\/wp\/v2\/categories?post=7336"},{"taxonomy":"post_tag","embeddable":true,"href":"https:\/\/www.vivasalud.be\/en\/wp-json\/wp\/v2\/tags?post=7336"},{"taxonomy":"pays","embeddable":true,"href":"https:\/\/www.vivasalud.be\/en\/wp-json\/wp\/v2\/pays?post=7336"}],"curies":[{"name":"wp","href":"https:\/\/api.w.org\/{rel}","templated":true}]}}