{"id":11131,"date":"2022-09-02T11:26:04","date_gmt":"2022-09-02T09:26:04","guid":{"rendered":"https:\/\/www.vivasalud.be\/?p=11131"},"modified":"2022-09-14T11:24:15","modified_gmt":"2022-09-14T09:24:15","slug":"viva-salud-komt-ook-naar-manifiesta","status":"publish","type":"post","link":"https:\/\/www.vivasalud.be\/nl\/blog\/2022\/09\/02\/viva-salud-vient-a-manifiesta-vous-aussi\/","title":{"rendered":"Bekijk het Viva Salud programma bij ManiFiesta!"},"content":{"rendered":"<h2 class=\"wp-block-heading\"><strong>Waar kan ik Viva Salud vinden op de website van het festival?<\/strong><\/h2>\n\n\n\n<p>Net als vorig jaar vind je onze stand op de <strong>Carr\u00e9 Sant\u00e9<\/strong>, bij de ingang van het festivalterrein. M\u00e9decine Pour Le Peuple nodigt een aantal organisaties uit die actief zijn op het gebied van gezondheid. Op onze stand kun je meer te weten komen over onze gloednieuwe campagne <strong>#NotATarget<\/strong>. Kom op de foto en toon je solidariteit met gezondheidswerkers en activisten die onder druk staan.<\/p>\n\n\n\n<p>Naast onze informatiestand vind je <strong>de bekerstandaard.<\/strong> Ook dit jaar kun je je beker doneren voor het recht op gezondheid. In plaats van hem weg te gooien of mee naar huis te nemen, kun je een directe donatie (50 cent) doen door je beker naar onze stand te brengen of naar een van onze vrijwilligers op het ManiFiesta terrein.<\/p>\n\n\n\n<p>Tot slot zijn we nog steeds <a href=\"https:\/\/www.vivasalud.be\/fr\/collaborer-avec-nous\/viva-manifiesta-on-y-sera-et-vous\/\" target=\"_blank\" rel=\"noreferrer noopener\">op zoek naar een helpende hand<\/a> ! Wil je het recht op gezondheid steunen in een gezellige festivalsfeer? Vul dan onderstaand formulier in! Op <strong>in ruil voor vier uur vrijwilligerswerk,<\/strong> betalen we je festivalticket terug.<\/p>\n\n\n\n<h2 class=\"wp-block-heading\"><strong>Internationale gasten<\/strong><\/h2>\n\n\n\n<p>Na twee jaar inactiviteit zullen internationale gasten in de schijnwerpers staan! We zijn verheugd om een belangrijke figuur in de Palestijnse vrouwenrechtenbeweging te verwelkomen. <strong><a href=\"https:\/\/www.manifiesta.be\/fr\/guest\/islah-jad\/\" target=\"_blank\" rel=\"noreferrer noopener\">Islah Jad<\/a> <\/strong>zit in het bestuur van onze partnerorganisatie Bisan en is professor in gender- en ontwikkelingsstudies aan de Birzeit Universiteit.<\/p>\n\n\n\n<p><\/p>\n\n\n\n<figure class=\"wp-block-image size-full\"><a href=\"https:\/\/www.vivasalud.be\/wp-content\/uploads\/2022\/09\/index.jpeg\"><img fetchpriority=\"high\" decoding=\"async\" width=\"1600\" height=\"1066\" src=\"https:\/\/www.vivasalud.be\/wp-content\/uploads\/2022\/09\/index.jpeg\" alt=\"Leve ManiFiesta\" class=\"wp-image-11265\" srcset=\"https:\/\/www.vivasalud.be\/wp-content\/uploads\/2022\/09\/index.jpeg 1600w, https:\/\/www.vivasalud.be\/wp-content\/uploads\/2022\/09\/index-800x533.jpeg 800w, https:\/\/www.vivasalud.be\/wp-content\/uploads\/2022\/09\/index-768x512.jpeg 768w, https:\/\/www.vivasalud.be\/wp-content\/uploads\/2022\/09\/index-1536x1023.jpeg 1536w\" sizes=\"(max-width: 1600px) 100vw, 1600px\" \/><\/a><\/figure>\n\n\n\n<p>We verwelkomen ook <strong>Ana Vra\u010dar<\/strong>, een gezondheidsactivist en co\u00f6rdinator van de People's Health Movement in Europa, het internationale netwerk waar Viva Salud lid van is.<\/p>\n\n\n\n<h2 class=\"wp-block-heading\">Viva Salud debat: hoe kunnen we een economie opbouwen die werknemersrechten boven winst stelt?<\/h2>\n\n\n\n<p><strong>Zondag om 17.00 uur<\/strong>, Viva Salud organiseert <a href=\"https:\/\/www.manifiesta.be\/fr\/evenement\/comment-construire-une-economie-ou-les-droits-des-travailleur-euse-s-priment-sur-le-profit\/\" target=\"_blank\" rel=\"noreferrer noopener\">een belangrijk debat<\/a> in de <strong>Debattent B <\/strong>in samenwerking met ACV-CSC, ABVV, ABVV, FOS, SolSoc, IFSI-ISVI, WSM en 11.11.11.<\/p>\n\n\n\n<p>Vertegenwoordigers van de Belgische vakbonden zullen gesprekken voeren met <strong><a href=\"https:\/\/www.industriall-union.org\/christine-olivier\" target=\"_blank\" rel=\"noreferrer noopener\">Christine Olivier<\/a>,<\/strong> Zuid-Afrikaanse vakbondsactivist en <strong><a href=\"https:\/\/www.manifiesta.be\/fr\/guest\/mariam-dhawale\/\" target=\"_blank\" rel=\"noreferrer noopener\">Mariam Dhawale<\/a><\/strong>, Indiase vrouwenrechtenactiviste, die elk voor betere arbeidsomstandigheden vecht.<\/p>\n\n\n\n<p>Wat zijn de uitdagingen, wat zijn de oplossingen en hoe kunnen we elkaar versterken? <\/p>\n\n\n\n<p>Kom en volg het debat!<\/p>\n\n\n\n<h2 class=\"wp-block-heading\"><strong>Ons programma<\/strong><\/h2>\n\n\n\n<p>Naast ons debat zullen wij en onze gasten deelnemen aan vele andere activiteiten tijdens het festival.<\/p>\n\n\n\n<p><strong>Islah Jad <\/strong>zal praten met de Palestijnse activist <strong>Ahed Tamimi <\/strong>en de BDS-co\u00f6rdinator <strong>Fiona Ben Chekroun <\/strong>onder de intal tent, <strong>Zaterdag om 13.00 uur<\/strong>.<\/p>\n\n\n\n<p><strong>Zaterdag om 17.00 uur<\/strong>, <strong>Ana Vra\u010dar<\/strong> zal deelnemen aan een debat over gezonde arbeidsomstandigheden en langdurige ziekten met gezondheidsprofessionals en vakbondsleden in debattent A.<\/p>\n\n\n\n<p><strong>Op zondag om 13.00 uur, <\/strong>vieren we de samenwerking van MPLP Schaarbeek met de Palestijnse gemeente Nablus onder het motto <strong>tent van de PvdA Brabant.<\/strong><\/p>\n\n\n\n<p>Bezoek <a href=\"https:\/\/www.manifiesta.be\/fr\/programme\/\">Klik hier voor het volledige programma<\/a> van ManiFiesta.<\/p>\n\n\n\n<p>Tickets zijn verkrijgbaar op <a href=\"https:\/\/manifiesta.eventsquare.store\/fr\/2022\/intal\" target=\"_blank\" rel=\"noreferrer noopener\">de website van de internationale solidariteitsbeweging Intal<\/a>. Je kunt ook vier uur van je tijd doneren aan het recht op gezondheid en wij betalen je terug!<\/p>\n\n\n\n<p>Tot snel!<\/p>","protected":false},"excerpt":{"rendered":"<p>Kom zoals elk jaar naar ons op het ManiFiesta solidariteitsfestival. Op 17 en 18 september organiseren we een aantal activiteiten op dit niet te missen evenement in Oostende <\/p>","protected":false},"author":15,"featured_media":11141,"comment_status":"closed","ping_status":"closed","sticky":false,"template":"","format":"standard","meta":{"_acf_changed":false,"_seopress_robots_primary_cat":"","_seopress_titles_title":"","_seopress_titles_desc":"Rejoignez Viva Salud en solidarit\u00e9 pour le droit \u00e0 la sant\u00e9 \u00e0 ManiFiesta \u00e0 Ostende le week-end du 17 et 18 septembre !","_seopress_robots_index":"","footnotes":""},"categories":[896,53],"tags":[401,722,556,739,400,381,723],"pays":[],"class_list":["post-11131","post","type-post","status-publish","format-standard","has-post-thumbnail","hentry","category-actualites","category-agenda","tag-droit-a-la-sante","tag-festival-fr","tag-manifiesta","tag-notatarget","tag-recht-op-gezondheid-fr","tag-solidarite","tag-volunteer-fr"],"acf":[],"_links":{"self":[{"href":"https:\/\/www.vivasalud.be\/nl\/wp-json\/wp\/v2\/posts\/11131","targetHints":{"allow":["GET"]}}],"collection":[{"href":"https:\/\/www.vivasalud.be\/nl\/wp-json\/wp\/v2\/posts"}],"about":[{"href":"https:\/\/www.vivasalud.be\/nl\/wp-json\/wp\/v2\/types\/post"}],"author":[{"embeddable":true,"href":"https:\/\/www.vivasalud.be\/nl\/wp-json\/wp\/v2\/users\/15"}],"replies":[{"embeddable":true,"href":"https:\/\/www.vivasalud.be\/nl\/wp-json\/wp\/v2\/comments?post=11131"}],"version-history":[{"count":0,"href":"https:\/\/www.vivasalud.be\/nl\/wp-json\/wp\/v2\/posts\/11131\/revisions"}],"wp:featuredmedia":[{"embeddable":true,"href":"https:\/\/www.vivasalud.be\/nl\/wp-json\/wp\/v2\/media\/11141"}],"wp:attachment":[{"href":"https:\/\/www.vivasalud.be\/nl\/wp-json\/wp\/v2\/media?parent=11131"}],"wp:term":[{"taxonomy":"category","embeddable":true,"href":"https:\/\/www.vivasalud.be\/nl\/wp-json\/wp\/v2\/categories?post=11131"},{"taxonomy":"post_tag","embeddable":true,"href":"https:\/\/www.vivasalud.be\/nl\/wp-json\/wp\/v2\/tags?post=11131"},{"taxonomy":"pays","embeddable":true,"href":"https:\/\/www.vivasalud.be\/nl\/wp-json\/wp\/v2\/pays?post=11131"}],"curies":[{"name":"wp","href":"https:\/\/api.w.org\/{rel}","templated":true}]}}