{"id":11907,"date":"2022-10-05T09:23:10","date_gmt":"2022-10-05T07:23:10","guid":{"rendered":"https:\/\/www.vivasalud.be\/?p=11907"},"modified":"2022-10-05T10:26:05","modified_gmt":"2022-10-05T08:26:05","slug":"raad-van-de-europese-unie-israel","status":"publish","type":"post","link":"https:\/\/www.vivasalud.be\/nl\/blog\/2022\/10\/05\/conseil-dassociation-union-europeenne-israel\/","title":{"rendered":"Waarom bouwt de Europese Unie een sterkere band op met een land dat de mensenrechten op grote schaal schendt?"},"content":{"rendered":"<p><strong><strong><strong>Op 3 oktober hebben de Europese Unie en Isra\u00ebl voor het eerst in tien jaar een Associatieraad gehouden. Volgens onze collega Jasper roept dit vragen op.<\/strong><\/strong><\/strong><\/p>\n\n\n\n<p>Twee weken geleden hadden we bij Viva Salud de Palestijnse vrouwenrechtenactiviste Islah Jad te gast. Islah is docent aan de universiteit van Bir Zeit en voorzitter van de mensenrechtenorganisatie Bisan Center. Toen we haar vroegen naar de Europese steun voor de rechten van Palestijnen, zei ze kort: \u00ab\u00a0<em>We zijn nogal sceptisch over hoe belangrijk mensenrechten en democratie in westerse landen zijn. Want als het om Isra\u00ebl gaat, kijken ze altijd de andere kant op.<\/em>.\u00a0\u00bb<\/p>\n\n\n\n<p>De Associatieraad tussen de Europese Unie en Isra\u00ebl op 3 oktober maakt deze verklaring nog relevanter. Voor het eerst in tien jaar gaan Isra\u00ebl en de EU op het hoogste diplomatieke niveau met elkaar om de tafel zitten om hun samenwerking te versterken. <a href=\"https:\/\/www.eeas.europa.eu\/delegations\/israel\/speech-president-von-der-leyen-ben-gurion-university-negev_en?s=200\" target=\"_blank\" rel=\"noreferrer noopener\">Volgens de voorzitter van de Commissie,<\/a> Ursula von der Leyen, \u00ab\u00a0<em>Onze cultuur en onze gedeelde waarden hebben een sterke band tussen Europa en Isra\u00ebl gecre\u00eberd. De sterkste band die we delen, is ons geloof in democratie en democratische waarden.<\/em>\u00abHet feit dat Isra\u00ebl al decennialang het internationaal recht en tientallen VN-resoluties schendt, en dat het ondertussen ook door Amnesty International en Human Rights Watch als apartheidsstaat is bestempeld, lijkt niet echt belangrijk.<\/p>\n\n\n\n<p>Is het ok\u00e9 dat de Europese Unie haar banden aanhaalt met een land dat mensenrechten op grote schaal schendt? Voor ons, <a href=\"https:\/\/www.eccpalestine.org\/wp-content\/uploads\/2022\/09\/22.09-Letter-on-the-resumption-EU-Israel-Association-Council.pdf\" target=\"_blank\" rel=\"noreferrer noopener\">47 Europese parlementsleden<\/a> en <a href=\"https:\/\/palcivilsociety.com\/post\/letter-to-eu-leaders-cancel-the-eu-israel-association\" target=\"_blank\" rel=\"noreferrer noopener\">tientallen andere Palestijnse en Europese maatschappelijke organisaties<\/a>, Het antwoord is al nee.<\/p>\n\n\n\n<h2 class=\"wp-block-heading\"><strong><strong>Herhaalde en intensievere aanvallen<\/strong><\/strong><\/h2>\n\n\n\n<p>De Associatieraad komt samen op een moment dat Isra\u00ebl zijn aanvallen op het Palestijnse volk opvoert. Op 4 mei heeft het Hooggerechtshof van Isra\u00ebl groen licht gegeven voor <strong>de massale uitzetting van meer dan 1300 Palestijnen. <\/strong>in Masafer Yatta, in het zuiden van de bezette Westelijke Jordaanoever. Dit wordt de grootste gedwongen uitzetting die Isra\u00ebl sinds 1967 heeft gedaan. De EU en haar lidstaten hebben dit besluit veroordeeld en het illegaal genoemd, maar in de praktijk hebben ze hun woorden nooit in daden omgezet. Zo helpen ze mee om de weg vrij te maken voor een nieuwe annexatie van Palestijns land.<\/p>\n\n\n\n<p>Sinds het begin van het jaar is er trouwens, <strong>Het Isra\u00eblische leger heeft al meer dan 140 Palestijnen gedood.<\/strong> Zijn troepen hebben herhaaldelijk invallen gedaan in Palestijnse vluchtelingenkampen en in steden als Jenin en Nablus op de bezette Westelijke Jordaanoever. Deze illegale invallen hebben onder andere geleid tot, <strong>de moord op de Al Jazeera-journaliste Shireen Abu Akleh<\/strong> in mei 2022. Begin augustus heeft Isra\u00ebl ook een nieuwe reeks <strong>zware luchtaanvallen op de Gazastrook<\/strong>, dat al meer dan 15 jaar onder een verstikkende blokkade zit. Tijdens dit proces heeft Isra\u00ebl bewust drukbevolkte gebieden en burgers aangevallen. 49 mensen, waaronder vier vrouwen en 16 kinderen, zijn omgekomen. Nog eens 360 mensen raakten gewond.<\/p>\n\n\n\n<h2 class=\"wp-block-heading\"><strong><strong><strong>De Palestijnse organisaties die het doelwit zijn<\/strong><\/strong><\/strong><\/h2>\n\n\n\n<p>Ten slotte krijgen Palestijnse organisaties die deze schendingen van de mensenrechten in kaart brengen te maken met steeds heftigere aanvallen. Isra\u00ebl probeert ze in diskrediet te brengen, arresteert hun personeel en probeert hun geld weg te halen. <strong>Onze Palestijnse partners <a href=\"http:\/\/www.bisan.org\/\" target=\"_blank\" rel=\"noreferrer noopener\">Bisan Centrum<\/a>, Al Awda en Health Work Committees hebben samen in de afgelopen tien jaar meer dan 2,5 miljoen euro aan externe financiering verloren. <\/strong>Vooral in afgelegen gebieden, <strong><a href=\"https:\/\/al-awda.org\/\" target=\"_blank\" rel=\"noreferrer noopener\">Awda<\/a> bereikt zo 24.000 pati\u00ebnten minder en <a href=\"http:\/\/www.hwc-pal.org\/\" target=\"_blank\" rel=\"noreferrer noopener\">Health Work Committees<\/a> 67.000 pati\u00ebnten minder.<\/strong><\/p>\n\n\n\n<p>In oktober 2021 heeft Isra\u00ebl zes Palestijnse mensenrechtenorganisaties op een lijst van terroristen gezet. Verschillende Europese landen, waaronder Belgi\u00eb, hebben onlangs de beschuldigingen van terrorisme door Isra\u00ebl weerlegd en deze beslissing duidelijk veroordeeld. Toch hebben de Isra\u00eblische bezettingsmacht amper drie weken later de kantoren van de zes Palestijnse sociale organisaties en van Health Work Committees binnengevallen en de ingang verzegeld. Isra\u00ebl lijkt zich weinig aan te trekken van de veroordelingen van de Europese Unie en haar lidstaten. De hervatting van de Associatieraad zal door de Isra\u00eblische regering alleen maar worden gezien als een impliciete goedkeuring van haar illegale acties.<\/p>\n\n\n\n<h2 class=\"wp-block-heading\"><strong><strong><strong>De Associatieraad afzeggen<\/strong><\/strong><\/strong><\/h2>\n\n\n\n<p>Er moet dus flink wat gebeuren. Er zijn genoeg manieren om druk uit te oefenen. De EU is nog steeds de grootste handelspartner van Isra\u00ebl en heeft in juni een gasdeal met het land gesloten. Vooral om van Russisch gas af te komen, omdat Rusland het internationale recht en de soevereiniteit van een ander land schendt. Waar hebben we dat eerder gehoord? Als de EU haar uitspraken over mensenrechten en democratie serieus neemt, moet ze stoppen met haar dubbele moraal. Een eerste stap in de goede richting zou zijn om consequente sancties tegen Isra\u00ebl in te stellen.<\/p>\n\n\n\n<p>Ons eigen land, en vooral minister van Buitenlandse Zaken Hadja Lahbib, kunnen nu al een verschil maken. <strong>Als we de Belgische zetel aan de tafel van de Associatieraad EU-Isra\u00ebl in Brussel leeg laten, wordt de Associatieraad gewoon afgelast. <\/strong>Waar wachten we nog op?<\/p>\n\n\n\n<p><em>Deze tekst is <a href=\"https:\/\/www.lesoir.be\/468521\/article\/2022-09-30\/carte-blanche-comment-peut-admettre-que-lunion-europeenne-renforce-ses-liens?fbclid=IwAR2atpWPWbBCG-p9MpaZWxV8wel960gQIWpH4NHUCZBizO3yi24O7qEmTbM\" target=\"_blank\" rel=\"noreferrer noopener\">gepubliceerd op de website van Le Soir <\/a>op 30 september.<\/em><\/p>\n\n\n\n<hr class=\"wp-block-separator has-alpha-channel-opacity\"\/>\n\n\n\n<div class=\"wp-block-media-text alignwide has-media-on-the-right is-stacked-on-mobile is-vertically-aligned-center\" style=\"grid-template-columns:auto 29%\"><figure class=\"wp-block-media-text__media\"><img alt=\"\" fetchpriority=\"high\" decoding=\"async\" width=\"1660\" height=\"930\" src=\"https:\/\/www.vivasalud.be\/wp-content\/uploads\/2022\/09\/Pagina-6_standwiththe6.jpg\" class=\"wp-image-11320 size-full\" srcset=\"https:\/\/www.vivasalud.be\/wp-content\/uploads\/2022\/09\/Pagina-6_standwiththe6.jpg 1660w, https:\/\/www.vivasalud.be\/wp-content\/uploads\/2022\/09\/Pagina-6_standwiththe6-800x448.jpg 800w, https:\/\/www.vivasalud.be\/wp-content\/uploads\/2022\/09\/Pagina-6_standwiththe6-768x430.jpg 768w, https:\/\/www.vivasalud.be\/wp-content\/uploads\/2022\/09\/Pagina-6_standwiththe6-1536x861.jpg 1536w, https:\/\/www.vivasalud.be\/wp-content\/uploads\/2022\/09\/Pagina-6_standwiththe6-400x225.jpg 400w\" sizes=\"(max-width: 1660px) 100vw, 1660px\" \/><\/figure><div class=\"wp-block-media-text__content\">\n<p>In oktober 2021 heeft Isra\u00ebl zes Palestijnse sociale organisaties, waaronder onze partner Bisan, ten onrechte op een lijst van terroristische organisaties gezet. Er kwam wereldwijd kritiek en er ontstond een solidariteitscampagne. <a href=\"https:\/\/www.dci-palestine.org\/stand_with_the_six_palestinian_civil_society_organizations\" target=\"_blank\" rel=\"noreferrer noopener\">#StandWithThe6<\/a> is snel gegroeid.<\/p>\n<\/div><\/div>\n\n\n\n<hr class=\"wp-block-separator has-alpha-channel-opacity\"\/>","protected":false},"excerpt":{"rendered":"<p>Op 3 oktober hebben de Europese Unie en Isra\u00ebl voor het eerst in tien jaar een Associatieraad gehouden.<\/p>","protected":false},"author":15,"featured_media":11911,"comment_status":"closed","ping_status":"closed","sticky":false,"template":"","format":"standard","meta":{"_acf_changed":false,"_seopress_robots_primary_cat":"","_seopress_titles_title":"%%title%% %%sitename%% %%sep%% Carte blanche : sur le conseil d&#039;association EU- Israel","_seopress_titles_desc":"Le 3 octobre, l&#039;Union europ\u00e9enne et Isra\u00ebl ont tenu un Conseil d&#039;association pour la premi\u00e8re fois depuis une d\u00e9cennie.","_seopress_robots_index":"","footnotes":""},"categories":[896,230],"tags":[176,707,198,491],"pays":[119],"class_list":["post-11907","post","type-post","status-publish","format-standard","has-post-thumbnail","hentry","category-actualites","category-carte-blanche","tag-droits-humains","tag-israel-3-fr","tag-soins-de-sante-publics","tag-union-europeenne","pays-palestine"],"acf":[],"_links":{"self":[{"href":"https:\/\/www.vivasalud.be\/nl\/wp-json\/wp\/v2\/posts\/11907","targetHints":{"allow":["GET"]}}],"collection":[{"href":"https:\/\/www.vivasalud.be\/nl\/wp-json\/wp\/v2\/posts"}],"about":[{"href":"https:\/\/www.vivasalud.be\/nl\/wp-json\/wp\/v2\/types\/post"}],"author":[{"embeddable":true,"href":"https:\/\/www.vivasalud.be\/nl\/wp-json\/wp\/v2\/users\/15"}],"replies":[{"embeddable":true,"href":"https:\/\/www.vivasalud.be\/nl\/wp-json\/wp\/v2\/comments?post=11907"}],"version-history":[{"count":0,"href":"https:\/\/www.vivasalud.be\/nl\/wp-json\/wp\/v2\/posts\/11907\/revisions"}],"wp:featuredmedia":[{"embeddable":true,"href":"https:\/\/www.vivasalud.be\/nl\/wp-json\/wp\/v2\/media\/11911"}],"wp:attachment":[{"href":"https:\/\/www.vivasalud.be\/nl\/wp-json\/wp\/v2\/media?parent=11907"}],"wp:term":[{"taxonomy":"category","embeddable":true,"href":"https:\/\/www.vivasalud.be\/nl\/wp-json\/wp\/v2\/categories?post=11907"},{"taxonomy":"post_tag","embeddable":true,"href":"https:\/\/www.vivasalud.be\/nl\/wp-json\/wp\/v2\/tags?post=11907"},{"taxonomy":"pays","embeddable":true,"href":"https:\/\/www.vivasalud.be\/nl\/wp-json\/wp\/v2\/pays?post=11907"}],"curies":[{"name":"wp","href":"https:\/\/api.w.org\/{rel}","templated":true}]}}