{"id":12370,"date":"2022-11-30T14:47:29","date_gmt":"2022-11-30T13:47:29","guid":{"rendered":"https:\/\/www.vivasalud.be\/?p=12370"},"modified":"2022-12-19T16:41:53","modified_gmt":"2022-12-19T15:41:53","slug":"filippijnen-hulpverleners-moeten-ook-activisten-zijn","status":"publish","type":"post","link":"https:\/\/www.vivasalud.be\/nl\/blog\/2022\/11\/30\/philippines-les-soignantes-doivent-aussi-etre-militantes\/","title":{"rendered":"Filippijnen: gezondheidswerkers moeten ook activisten zijn"},"content":{"rendered":"<p><strong><strong><em>Dit artikel is gepubliceerd op <a href=\"https:\/\/sociaal.net\/verhaal\/gezondheidswerkers-moeten-ook-activisten-zijn\/?fbclid=IwAR0d4nXqtM1uIJBaPZWeJq3xWial9Rr-9wDhAs_S7pZoZe-qgDe5Jkt9WCo\" target=\"_blank\" rel=\"noreferrer noopener\">Sociaal.net<\/a>, als onderdeel van de rubriek \u00abSociaal werk over de hele wereld\u00bb. Over de hele wereld zijn professionals in de sociale sector en hun organisaties dag in, dag uit bezig om het leven van de meest kwetsbaren te verbeteren. Maar hun kennis en expertise zijn niet altijd even bekend. En dat is precies wat Sociaal.net wil veranderen, in samenwerking met 11.11.11, de koepel van internationale solidariteit.<\/em><\/strong><\/strong><\/p>\n\n\n\n<p>In de Filippijnen is werken in de gezondheidszorg niet zonder risico's, vooral als je kritisch bent op de regering en vecht voor de rechten van je pati\u00ebnten. \u00ab&nbsp;<em>Werken aan gezondheid begint en eindigt niet in ziekenhuizen. We moeten ook aandacht besteden aan de oorzaken van ziekte, zoals armoede, gebrek aan onderwijs en gebrek aan huisvesting.<\/em>. \u00bb<\/p>\n\n\n\n<h2 class=\"wp-block-heading\"><strong><strong><strong>De kracht van buurtzorgers<\/strong><\/strong><\/strong><\/h2>\n\n\n\n<p>Gezondheid is een basisrecht. Toegang tot gezondheidszorg en een gezond leven zijn politieke keuzes. De verzorgers van <a href=\"https:\/\/www.facebook.com\/chdph\/\" target=\"_blank\" rel=\"noreferrer noopener\">Raad voor gezondheid en ontwikkeling (CHD)<\/a>, een partner van de Belgische NGO Viva Salud in de Filippijnen, zijn het helemaal eens over deze kwestie.&nbsp;<\/p>\n\n\n\n<p>Katherine Berza werkt al vijftien jaar bij CHD. Als co\u00f6rdinator en activist is ze nauw betrokken bij het dagelijkse werk van mantelzorgers in de wijken, die bekend staan als \u2018community carers\".\u2018<em>buurtgezondheidswerkers\u2019<\/em>.&nbsp;<\/p>\n\n\n\n<p><em>\u2018Er zijn momenteel meer dan 10.000 <\/em><em>verzorgers<\/em><em> vrijwilligers.\u2019<\/em><\/p>\n\n\n\n<p>\u201c<em>Ik ben ge\u00efnteresseerd in gezondheidsprogramma's voor buurten omdat ze de innerlijke kracht van buurten versterken.<\/em>&nbsp;\u00bbzegt Kat in een interview met Viva Salud tijdens een bezoek aan Belgi\u00eb. \u00ab&nbsp;<em>Sommige<\/em><em> van deze <\/em><em>soig<\/em><em>nan<\/em><em>t-e-s<\/em><em> kunnen lezen noch schrijven, maar een groot hart hebben en de wil om zinvol werk te doen in hun buurt, zonder er iets voor terug te verwachten<\/em>. \u00bb<\/p>\n\n\n\n<p>Op de Filippijnen begonnen de eerste buurtgezondheidsprojecten in 1973 op de eilanden Luzon, Visayas en Mindanao. Ge\u00efnspireerd door \u00ab&nbsp;<em>artsen op blote voeten<\/em>&nbsp;\u00bbIn China hebben drie nonnen mensen zonder medische achtergrond opgeleid tot verzorgers. Dit heeft geholpen om het ernstige tekort aan medisch personeel in deze afgelegen gebieden te compenseren.<\/p>\n\n\n\n<p>Het grote succes van deze projecten heeft geleid tot hun vermenigvuldiging over de hele Filippijnen. CHD is de overkoepelende organisatie voor al deze verschillende initiatieven. Er lopen momenteel meer dan 70 programma's en er zijn meer dan 10.000 vrijwilligers in de Filippijnen.<\/p>\n\n\n\n<h2 class=\"wp-block-heading\"><strong><strong><strong>Wat doen deze verzorgers?<\/strong><\/strong><\/strong><\/h2>\n\n\n\n<p>Ze bieden gezondheidszorg en zijn daarom belangrijke mensen in hun buurt. Ze weten wat de lokale bevolking meemaakt en zijn ook betrokken bij sociale programma's die de banden tussen bewoners versterken.<\/p>\n\n\n\n<p>In het ideale geval zorgt elke verzorger voor vijftien gezinnen. Dit garandeert kwaliteitszorg. De verzorgers worden aangesteld door de bewoners, wat hen geloofwaardig maakt. Er wordt geen onderscheid gemaakt op basis van opleiding, religie of economische status.<\/p>\n\n\n\n<p><em>\u2018De <\/em><em>verzorgers<\/em>&nbsp;<em>in de buurten zich bewust zijn van wat mensen doormaken\u2019.\u2019<\/em><\/p>\n\n\n\n<p>Ze zijn zich bewust van de tekortkomingen in de gezondheidszorg op de Filippijnen. Ze zijn er trots op dat ze een bijdrage kunnen leveren aan het verminderen van deze tekortkomingen en het verbeteren van het welzijn van de lokale bevolking. Ze ontvangen geen salaris. Ze hebben andere betaalde banen of werken in de informele economie. Bezoeken aan de families die ze onder hun hoede hebben vinden daarom plaats in hun vrije tijd.<\/p>\n\n\n\n<p>De hulpverleners in de wijken bieden geen volledige medische consulten, maar doen preventief werk. Ze bieden de eerste hulp en zorgen ervoor dat mensen medische hulp zoeken als dat nodig is, om de symptomen niet onnodig te laten verergeren.<\/p>\n\n\n\n<h2 class=\"wp-block-heading\"><strong>In de frontlinie<\/strong><\/h2>\n\n\n\n<p>Kat herinnert zich nog levendig de eerste keer dat ze verzorgers aan het werk zag op het eiland Negros. Ze was onder de indruk. \u00ab&nbsp;<em>De <\/em><em>verzorgers<\/em><em> waren erg <\/em><em>ondernemers<\/em><em>. <\/em><em>Iels<\/em><em> gingen zelfs zo ver dat ze huisjes voor hen bouwden. <\/em><em>pati\u00ebnten<\/em><em> die in isolatie moesten worden geplaatst of wier symptomen nauwlettend in de gaten moesten worden gehouden\u00bb.\u00bb<\/em><\/p>\n\n\n\n<p>Ze was ook verbaasd over het niveau van de zorg die ze verleenden en de kennis die ze bezaten. \u00ab&nbsp;<em>Ze wisten precies waar ze zieke mensen naartoe moesten sturen. Ik ben ervan overtuigd dat hun werk veel levens heeft gered, want in Negros moet je lange afstanden afleggen om bij een ziekenhuis te komen. Deze verzorgers verdienen het grootste respect omdat ze in de frontlinie staan.<\/em>. \u00bb<\/p>\n\n\n\n<h2 class=\"wp-block-heading\"><strong><strong><strong>Terroristen<\/strong><\/strong><\/strong><\/h2>\n\n\n\n<p>Het is niet gemakkelijk om een gezondheidswerker in de wijken te zijn, omdat hun veiligheid in de Filippijnen steeds verder achteruit gaat. Het CHD heeft bijvoorbeeld geen vrije toegang meer tot Negros Island.<\/p>\n\n\n\n<p><em>\u2018We vrezen elke dag voor onze veiligheid.\u2019<\/em><\/p>\n\n\n\n<p>Het dagelijks leven van verzorgers,\u00ab zegt Kat, \"bestaat niet alleen uit teleurstelling en frustratie, maar ook uit bedreigingen. \"&nbsp;<em>Elke dag zijn we <\/em><em>bezorgde<\/em><em> voor onze veiligheid, de veiligheid van onze gezinnen en de organisaties en buurten waarin we werken<\/em>. \u00bb<\/p>\n\n\n\n<p>De Filippijnse regering neemt vaak haar toevlucht tot \u00abred-tagging\u00bb, wat betekent dat iedereen die zich verzet tegen de regering als terrorist wordt beschouwd vanwege hun vermeende banden met de Communistische Partij of het Nieuwe Volksleger.<\/p>\n\n\n\n<h2 class=\"wp-block-heading\"><strong>Strafbaar gesteld worden omdat je je uitspreekt<\/strong><\/h2>\n\n\n\n<p>Tinay Palabay, algemeen secretaris van <a href=\"https:\/\/www.karapatan.org\/\" target=\"_blank\" rel=\"noreferrer noopener\">Karapatan<\/a>, een mensenrechtenbeweging in de Filippijnen en partner van Viva Salud, legt uit hoe deze red-tagging techniek een zeer breed publiek bereikt. \u00ab&nbsp;<em>Ze vari\u00ebren van tv-presentatoren tot winnaressen van schoonheidswedstrijden. Zelfs priesters en journalisten zijn slachtoffer. Het zijn niet per se mensen met progressieve idee\u00ebn, alleen mensen die kritiek hebben op het regeringsbeleid. Het is ongelooflijk dat mensen worden gecriminaliseerd voor woorden.<\/em>&nbsp;\u00bb<\/p>\n\n\n\n<p>Als je betrokken bent bij heterdaad, ben je vaak het slachtoffer van valse beschuldigingen, zoals moord. De politie verbergt dan \u00ab&nbsp;<em>fysiek bewijsmateriaal<\/em>&nbsp;\u00bbDeze tactiek wordt \u00abtagging\u00bb genoemd. Mary Lawlor, de Speciale Rapporteur van de Verenigde Naties, beschreef deze tactiek als een doodsbedreiging omdat mensen die \"getagd\" worden vaak vermoord worden.<\/p>\n\n\n\n<p><em>\u2018Ik krijg bedreigingen bij het ontbijt, de lunch en het avondeten. En soms ook bij het thee drinken.\u2019<\/em><\/p>\n\n\n\n<p>Tinay Palabay heeft ook regelmatig te maken met onderdrukking. \u00ab&nbsp;<em>De afgelopen zeven jaar waren echt moeilijk. Ik krijg bedreigingen bij het ontbijt, de lunch en het avondeten. En soms ook als tussendoortje. Ze worden steeds ernstiger. Mijn veiligheid en die van mijn gezin is in gevaar.<\/em>. \u00bb<\/p>\n\n\n\n<p>Tinay is het onderwerp van verschillende valse beschuldigingen. \u00ab&nbsp;<em>Als ik veroordeeld word, moet ik waarschijnlijk zes jaar de gevangenis in. Dit is een tactiek van de Filippijnse regering om onze organisatie het zwijgen op te leggen. In de afgelopen zeven jaar zijn 800 onschuldige Filippino's opgesloten in overvolle gevangenissen.<\/em>. \u00bb<\/p>\n\n\n\n<h2 class=\"wp-block-heading\"><strong>Een verdachte beroepskeuze<\/strong><\/h2>\n\n\n\n<p>Kat legt uit dat Rose Sancelan, een arts in Negros, en haar voormalige collega Zara Alvarez allebei zijn vermoord.<\/p>\n\n\n\n<p>Naty Castro, ook een arts, werd onlangs illegaal gearresteerd. Ze was al tientallen jaren het slachtoffer van heterdaad en werd valselijk beschuldigd van moord en ontvoering. Gelukkig werd ze na twee maanden vrijgelaten, na talloze lokale en internationale solidariteitsacties.<\/p>\n\n\n\n<p>Naty Castro is een van de oudste artsen van CHD. Zodra ze haar studie had afgerond, begon ze te werken voor een inheemse Lumad gemeenschap. Ze is afgestudeerd aan een prestigieuze universiteit in de Filippijnen. Haar keuze om haar beroep uit te oefenen in een afgelegen gebied werd daarom met argusogen bekeken door de autoriteiten.<\/p>\n\n\n\n<h2 class=\"wp-block-heading\"><strong>Internationale solidariteit<\/strong><\/h2>\n\n\n\n<p>Net als Naty werden 42 CHD-zorgmedewerkers in 2010 gearresteerd tijdens een noodhulptraining. Het Filippijnse leger beschuldigde hen van het maken van bommen nadat ze \u00abbewijsmateriaal\u00bb hadden verstopt op de trainingslocatie. De verzorgers werden pas na tien maanden vrijgelaten.<\/p>\n\n\n\n<p>Internationale solidariteit speelde een sleutelrol bij het bewerkstelligen van hun vrijlating. Elke dag stroomden er brieven het presidenti\u00eble paleis binnen waarin de vrijlating van deze verzorgers werd ge\u00ebist, zozeer zelfs dat de assistenten van de president er kapot van gingen. Maar ook al werden ze uiteindelijk vrijgelaten, het verzinnen van bewijs en de ongegronde beschuldigingen bleven volledig onopgemerkt en zijn tot op de dag van vandaag onbestraft gebleven. \u00ab&nbsp;<em>Als verzorgers leveren we niet alleen zorg, we komen ook op voor de rechten van pati\u00ebnten en de samenleving als geheel.<\/em>&nbsp;\u00bb<\/p>\n\n\n\n<h2 class=\"wp-block-heading\"><strong>Sociale determinanten van gezondheid<\/strong><\/h2>\n\n\n\n<p>De rechten van verzorgers en activisten worden op de Filippijnen voortdurend geschonden: van het recht op vrijheid van meningsuiting tot het recht op verdediging. En toch zijn dit universele rechten die zijn vastgelegd in de grondwet van de Filippijnen.<\/p>\n\n\n\n<p>Vakbonden en hun leden, zoals de Alliance of Health Workers, die deelnemen aan demonstraties worden beschouwd als terroristen. Ziekenhuisdirecties raden hun vakbondsmedewerkers af om deel te nemen aan anti-regeringsactiviteiten.<\/p>\n\n\n\n<p><em>\u2018<\/em><em>Gezondheidswerk begint en eindigt niet in ziekenhuizen. We moeten ook aandacht besteden aan wat mensen ziek maakt<\/em><em>.\u2019<\/em><\/p>\n\n\n\n<p>Kat verdedigt het standpunt dat verzorgers veel meer doen dan zorg verlenen. \u00ab&nbsp;<em>Als <\/em><em>verzorgers<\/em><em>, we kunnen niet<\/em><em> ons niet beperken tot medisch werk in ziekenhuizen of buurten. We moeten ook kritisch zijn op de politieke situatie. Niet alleen door het dominante discours tegen te spreken, maar ook door de rechten van onze pati\u00ebnten te verdedigen. <\/em><em>pati\u00ebnten<\/em>. \u00bb<\/p>\n\n\n\n<p><em><strong>\u00ab&nbsp;<\/strong>We moeten aandacht besteden aan wat mensen ziek maakt, zoals armoede, gebrek aan onderwijs, dakloosheid en alle andere factoren die mensen in staat stellen om een waardig leven te leiden. Dit noemen we de sociale determinanten van gezondheid. Daarom zijn armen vaker ziek dan rijken.<\/em>. \u00bb<\/p>\n\n\n\n<h2 class=\"wp-block-heading\"><strong>Privatisering<\/strong><\/h2>\n\n\n\n<p>Ondertussen blijft de kwaliteit van de gezondheidszorg op de Filippijnen achteruit gaan. De onlangs gekozen president, <a>Ferdinand Marcos junior<\/a>, zoon van de gelijknamige dictator, heeft verklaard dat hij meer particuliere investeringen in de gezondheidszorg wil aantrekken.<\/p>\n\n\n\n<p>\u00ab&nbsp;<em>Dit baart ons zorgen omdat het de kwaliteit van de zorg zal verminderen,\u00bb zegt Kat. \u00abAls we een publiek goed als gezondheidszorg openstellen voor private investeringen<\/em><em>s<\/em><em>, Winst zal de prioriteit zijn. En dit zal ten koste gaan van <\/em><em>pati\u00ebnten<\/em>. \u00bb<\/p>\n\n\n\n<p><em>\u00abPrivatisering gaat ten koste van <\/em><em>pati\u00ebnten<\/em><em>. \u00bb<\/em><\/p>\n\n\n\n<p>Voor Kat zijn er in de eerste plaats sociaal-economische redenen voor de groeiende sociale onrust en de daaruit voortvloeiende toename van repressie. Veel mensen op de Filippijnen leven in armoede. Ook verzorgers krijgen veel te weinig betaald, sommigen zelfs onder het minimumloon.<\/p>\n\n\n\n<p>Daardoor worden mensen met een medische opleiding gedwongen om in andere sectoren te gaan werken, ook al is er echt een tekort aan verzorgers. Tijdens de Covid-19 pandemie kregen ze veel beloftes als beloning voor de risico's die ze dagelijks namen. Tot op heden hebben duizenden verzorgers niets ontvangen.<\/p>\n\n\n\n<h2 class=\"wp-block-heading\"><strong>Belangrijke gevolgen<\/strong><\/h2>\n\n\n\n<p>Het hardhandige optreden tegen gezondheidswerkers heeft ernstige gevolgen gehad voor de bevolking. Op de Filippijnen is er slechts \u00e9\u00e9n dokter per 33.000 inwoners. Dit cijfer ligt ver onder de norm van de Wereldgezondheidsorganisatie, namelijk \u00e9\u00e9n arts per 1.000 inwoners.<\/p>\n\n\n\n<p>Daarnaast hebben de meeste Filippino's geen toegang tot medicijnen, die ofwel onbetaalbaar zijn of gewoon niet bestaan. Velen sterven aan ziekten die voorkomen of behandeld hadden kunnen worden, zoals tuberculose.<\/p>\n\n\n\n<h2 class=\"wp-block-heading\"><strong>Een pleidooi voor de politisering van de gezondheidszorg<\/strong><\/h2>\n\n\n\n<p>Het werk van CHD gaat verder dan een puur biomedische benadering van gezondheid. CHD vecht voor alles wat de gezondheid van het Filipijnse volk bepaalt, tegen stijgende energieprijzen, inflatie en de onderdrukking van gezondheidswerkers.<\/p>\n\n\n\n<p>Kat legt uit \u00ab&nbsp;<em>Als we ons geen zorgen maken over onwettige arrestaties en moorden, hoe kunnen we dan meer artsen, verpleegkundigen en andere gezondheidswerkers overtuigen om hetzelfde te doen?\u2019<\/em><em>studenten<\/em><em> om gezondheidszorg te bieden in ge\u00efsoleerde gebieden, waar <\/em><em>iels<\/em><em> zijn het meest noodzakelijk, maar waar <\/em><em>iels<\/em><em> niet veilig zijn?<\/em>&nbsp;\u00bb<\/p>\n\n\n\n<p>\u00ab&nbsp;<em>Het is de taak van gezondheidsactivisten om te laten zien waar het echt om gaat. Het zet mensen aan het denken en uiteindelijk zal het de gezondheid van <\/em><em>alle<\/em><em>. Onze tijd vraagt om <\/em><em>verzorgers<\/em><em> dat\u2019<\/em><em>iels<\/em><em> zijn ook <\/em><em>activisten<\/em><em>.<\/em>&nbsp;\u00bb<\/p>\n\n\n\n<p><\/p>\n\n\n\n<hr class=\"wp-block-separator has-alpha-channel-opacity\"\/>\n\n\n\n<div class=\"wp-block-media-text alignwide is-stacked-on-mobile\" style=\"grid-template-columns:20% auto\"><figure class=\"wp-block-media-text__media\"><img fetchpriority=\"high\" decoding=\"async\" width=\"868\" height=\"865\" src=\"https:\/\/www.vivasalud.be\/wp-content\/uploads\/2022\/11\/reduit-logo.png\" alt=\"NotATarget Filippijnen\" class=\"wp-image-12268 size-full\" srcset=\"https:\/\/www.vivasalud.be\/wp-content\/uploads\/2022\/11\/reduit-logo.png 868w, https:\/\/www.vivasalud.be\/wp-content\/uploads\/2022\/11\/reduit-logo-800x797.png 800w, https:\/\/www.vivasalud.be\/wp-content\/uploads\/2022\/11\/reduit-logo-768x765.png 768w\" sizes=\"(max-width: 868px) 100vw, 868px\" \/><\/figure><div class=\"wp-block-media-text__content\">\n<h2 class=\"wp-block-heading\">PODCAST: GEZONDHEIDSACTIVIST ZIJN IN DE FILIPIJNEN<\/h2>\n\n\n\n<p>Viva Salud heeft in september de <a href=\"https:\/\/www.vivasalud.be\/en\/podcast-notatarget\/\" target=\"_blank\" rel=\"noreferrer noopener\">campagne #NotATarget<\/a>. Op Spotify een <a href=\"https:\/\/linktr.ee\/vivasalud123?fbclid=IwAR2z7lFGup6psHoXGzD_SQvaIHnbdGMA6DjXp0rtALkZu8cdeqBtE9CQW-4\" target=\"_blank\" rel=\"noreferrer noopener\">podcast<\/a> is onder dezelfde naam gelanceerd. Daarop zijn meer getuigenissen te horen van Kat, Tinay en andere gezondheidsactivisten.<\/p>\n<\/div><\/div>\n\n\n\n<hr class=\"wp-block-separator has-alpha-channel-opacity\"\/>\n\n\n\n<div class=\"wp-block-media-text alignwide has-media-on-the-right is-stacked-on-mobile\" style=\"grid-template-columns:auto 40%\"><div class=\"wp-block-media-text__content\">\n<p>Op 9 december gaan verschillende sociale bewegingen en vakbonden in Brussel de straat op om de <a href=\"https:\/\/www.facebook.com\/events\/1153564345283969\" target=\"_blank\" rel=\"noreferrer noopener\">Verdedig de verdedigers<\/a> voor de Internationale Dag van de Mensenrechten. Om 18.00 uur laten we onze stem horen bij de Hallepoort, om het bereik van de stemmen van mensenrechtenactivisten te vergroten. Kom en doe mee!&nbsp;<\/p>\n<\/div><figure class=\"wp-block-media-text__media\"><img decoding=\"async\" width=\"1920\" height=\"1080\" src=\"https:\/\/www.vivasalud.be\/wp-content\/uploads\/2022\/11\/315277725_5719598038062985_1883741038952042058_n.jpg\" alt=\"DfD\" class=\"wp-image-12376 size-full\" srcset=\"https:\/\/www.vivasalud.be\/wp-content\/uploads\/2022\/11\/315277725_5719598038062985_1883741038952042058_n.jpg 1920w, https:\/\/www.vivasalud.be\/wp-content\/uploads\/2022\/11\/315277725_5719598038062985_1883741038952042058_n-800x450.jpg 800w, https:\/\/www.vivasalud.be\/wp-content\/uploads\/2022\/11\/315277725_5719598038062985_1883741038952042058_n-768x432.jpg 768w, https:\/\/www.vivasalud.be\/wp-content\/uploads\/2022\/11\/315277725_5719598038062985_1883741038952042058_n-1536x864.jpg 1536w, https:\/\/www.vivasalud.be\/wp-content\/uploads\/2022\/11\/315277725_5719598038062985_1883741038952042058_n-400x225.jpg 400w\" sizes=\"(max-width: 1920px) 100vw, 1920px\" \/><\/figure><\/div>\n\n\n\n<p><\/p>","protected":false},"excerpt":{"rendered":"<p>Werken in de gezondheidszorg op de Filippijnen is niet zonder risico's, vooral als je kritisch bent op de regering en vecht voor de rechten van je pati\u00ebnten.<\/p>","protected":false},"author":15,"featured_media":12373,"comment_status":"closed","ping_status":"closed","sticky":false,"template":"","format":"standard","meta":{"_acf_changed":false,"_seopress_robots_primary_cat":"","_seopress_titles_title":"%%title%%","_seopress_titles_desc":"Aux Philippines, il est risqu\u00e9 de travailler dans le secteur de la sant\u00e9. Surtout si l\u2019on se montre critique par rapport au gouvernement.","_seopress_robots_index":"","footnotes":""},"categories":[896],"tags":[176,658,232,198,478],"pays":[94],"class_list":["post-12370","post","type-post","status-publish","format-standard","has-post-thumbnail","hentry","category-actualites","tag-droits-humains","tag-gezonde-werkomstandigheden-fr","tag-publieke-gezondheidszorg-fr","tag-soins-de-sante-publics","tag-wereldgezondheidsdag-fr","pays-philippines"],"acf":[],"_links":{"self":[{"href":"https:\/\/www.vivasalud.be\/nl\/wp-json\/wp\/v2\/posts\/12370","targetHints":{"allow":["GET"]}}],"collection":[{"href":"https:\/\/www.vivasalud.be\/nl\/wp-json\/wp\/v2\/posts"}],"about":[{"href":"https:\/\/www.vivasalud.be\/nl\/wp-json\/wp\/v2\/types\/post"}],"author":[{"embeddable":true,"href":"https:\/\/www.vivasalud.be\/nl\/wp-json\/wp\/v2\/users\/15"}],"replies":[{"embeddable":true,"href":"https:\/\/www.vivasalud.be\/nl\/wp-json\/wp\/v2\/comments?post=12370"}],"version-history":[{"count":0,"href":"https:\/\/www.vivasalud.be\/nl\/wp-json\/wp\/v2\/posts\/12370\/revisions"}],"wp:featuredmedia":[{"embeddable":true,"href":"https:\/\/www.vivasalud.be\/nl\/wp-json\/wp\/v2\/media\/12373"}],"wp:attachment":[{"href":"https:\/\/www.vivasalud.be\/nl\/wp-json\/wp\/v2\/media?parent=12370"}],"wp:term":[{"taxonomy":"category","embeddable":true,"href":"https:\/\/www.vivasalud.be\/nl\/wp-json\/wp\/v2\/categories?post=12370"},{"taxonomy":"post_tag","embeddable":true,"href":"https:\/\/www.vivasalud.be\/nl\/wp-json\/wp\/v2\/tags?post=12370"},{"taxonomy":"pays","embeddable":true,"href":"https:\/\/www.vivasalud.be\/nl\/wp-json\/wp\/v2\/pays?post=12370"}],"curies":[{"name":"wp","href":"https:\/\/api.w.org\/{rel}","templated":true}]}}