{"id":13207,"date":"2023-04-04T13:03:04","date_gmt":"2023-04-04T11:03:04","guid":{"rendered":"https:\/\/www.vivasalud.be\/?p=13207"},"modified":"2024-04-09T12:32:50","modified_gmt":"2024-04-09T10:32:50","slug":"courir-un-marathon-en-palestine","status":"publish","type":"post","link":"https:\/\/www.vivasalud.be\/nl\/blog\/2023\/04\/04\/courir-un-marathon-en-palestine\/","title":{"rendered":"Courir un marathon en Palestine, avec une troisi\u00e8me Intifada dans le dos\u00a0?"},"content":{"rendered":"<p><\/p>\n\n\n\n<p><strong>Reportage, t\u00e9moignage &#8211;<\/strong> Cet article est paru dans le <a href=\"https:\/\/www.dewereldmorgen.be\/artikel\/2023\/04\/03\/een-marathon-lopen-in-palestina-met-een-derde-intifada-in-de-rug\/\" target=\"_blank\" rel=\"noreferrer noopener\">DeWereld Morgen, le 3 avril 2023<\/a><\/p>\n\n\n\n<h2 class=\"wp-block-heading\"><strong>Avec dix autres sportif\u00b7ve\u00b7s, Jorn Verschuere s&rsquo;est rendu en Palestine pour participer au marathon de Bethl\u00e9em. Ensemble, ils ont beaucoup appris sur la lutte pour la lib\u00e9ration nationale de l&rsquo;Etat Palestinien. T\u00e9moignage<\/strong>.<\/h2>\n\n\n\n<h2 class=\"wp-block-heading\"><strong>R\u00e9pandre l&rsquo;amour<\/strong><\/h2>\n\n\n\n<p>\u00ab\u00a0Avec 11 Belges, nous avons particip\u00e9 au Marathon de Palestine par l&rsquo;interm\u00e9diaire de Viva Salud. Pendant notre s\u00e9jour, nous avons aussi d\u00e9couvert les diff\u00e9rents aspects de l\u2019occupation Isra\u00e9lienne en Palestine.<\/p>\n\n\n\n<p>Malgr\u00e9 l\u2019ambiance festive pendant le marathon, nous ne pouvions pas \u00e9chapper \u00e0 la confrontation avec les tentions grandissantes dans la r\u00e9gion. La troisi\u00e8me Intifada pointerait-elle le bout de son nez&nbsp;? C\u2019est la question avec laquelle nous sommes rentr\u00e9s \u00e0 la maison.<\/p>\n\n\n\n<figure class=\"wp-block-image size-full\"><a href=\"https:\/\/www.vivasalud.be\/wp-content\/uploads\/2023\/04\/Bethlehem-marathonloper-langs-de-apartheidsmuur-\u00a9-Palestine-Marathonjpg-360x480-1.jpg\"><img decoding=\"async\" src=\"https:\/\/www.vivasalud.be\/wp-content\/uploads\/2023\/04\/Bethlehem-marathonloper-langs-de-apartheidsmuur-\u00a9-Palestine-Marathonjpg-360x480-1.jpg\" alt=\"Un participant au marathon longe le mur d'apartheid \u00e0 Bethl\u00e9em. Photo : \u00a9 Marathon de Palestine\" class=\"wp-image-13208\"\/><\/a><figcaption class=\"wp-element-caption\">Un participant au marathon longe le mur d&rsquo;apartheid \u00e0 Bethl\u00e9em. Photo : \u00a9Marathon de Palestine<\/figcaption><\/figure>\n\n\n\n<p>Il y avait une ambiance d\u00e9contract\u00e9e et festive \u00e0 Bethl\u00e9hem le vendredi 10 mars 2023. Environ dix mille participant\u00b7e\u00b7s, venu\u00b7e\u00b7s de 90 pays diff\u00e9rents, ont particip\u00e9 au Freedom of Movement Palestine Marathon.<\/p>\n\n\n\n<p>Gr\u00e2ce \u00e0 ce marathon, l&rsquo;organisation esp\u00e8re attirer l&rsquo;attention sur les restrictions de libert\u00e9 de mouvement des Palestinien\u00b7ne\u00b7s ainsi que sur l&rsquo;occupation isra\u00e9lienne dont ils sont toujours victimes. Par exemple, ils expliquent sur leur site : \u00ab Tou\u00b7te\u00b7s les marathonien.ne.s peuvent \u00eatre confront\u00e9\u00b7e\u00b7s au fameux mur, suite \u00e0 la fatigue physique et \u00e9motionnelle li\u00e9e \u00e0 une course de 42 kilom\u00e8tres. Dans l&rsquo;\u00c9tat de Palestine, si on veut courir on est litt\u00e9ralement confronter \u00e0 un mur.&nbsp;\u00bb<\/p>\n\n\n\n<p>Le parcours conduit les participant\u00b7e\u00b7s \u00e0 travers le centre de Bethl\u00e9em,<strong> le long du mur de l&rsquo;apartheid et \u00e0 travers le camp de r\u00e9fugi\u00e9\u00b7e<\/strong>\u00b7<strong>s d&rsquo;A\u00efda &#8211; <a href=\"https:\/\/www.middleeasteye.net\/news\/palestinian-camp-community-most-exposed-tear-gas-world\" target=\"_blank\" rel=\"noreferrer noopener\">l&rsquo;endroit o\u00f9 l&rsquo;on utilise le plus de gaz lacrymog\u00e8ne au monde, entre autres.<\/a><\/strong><\/p>\n\n\n\n<p>Gr\u00e2ce \u00e0 ce marathon, l&rsquo;organisation esp\u00e8re attirer l&rsquo;attention sur les restrictions de libert\u00e9 de mouvement des Palestinien\u00b7ne\u00b7s ainsi que sur l&rsquo;occupation isra\u00e9lienne dont ils sont toujours victimes. Par exemple, ils expliquent sur leur site : <em>\u00ab Tou\u00b7te\u00b7s les marathonien.ne.s peuvent \u00eatre confront\u00e9\u00b7e\u00b7s au fameux mur, suite \u00e0 la fatigue physique et \u00e9motionnelle li\u00e9e \u00e0 une course de 42 kilom\u00e8tres. Dans l&rsquo;\u00c9tat de Palestine, si on veut courir on est litt\u00e9ralement confronter \u00e0 un mur.&nbsp;\u00bb<\/em><\/p>\n\n\n\n<p>Je ne peux que confirmer que vous vous heurtez \u00e0 plusieurs murs en Palestine &#8211; surtout apr\u00e8s avoir parcouru 42 kilom\u00e8tres sur un parcours vallonn\u00e9. Mais je n\u2019ai pas que rencontr\u00e9 le mur au sens figur\u00e9.<\/p>\n\n\n\n<figure class=\"wp-block-image size-full\"><a href=\"https:\/\/www.vivasalud.be\/wp-content\/uploads\/2023\/04\/Image1.jpg\"><img decoding=\"async\" src=\"https:\/\/www.vivasalud.be\/wp-content\/uploads\/2023\/04\/Image1.jpg\" alt=\"Ici, un certain nombre de r\u00e9sistants palestiniens de Lion's Den ont \u00e9t\u00e9 tu\u00e9s par l'arm\u00e9e d'occupation isra\u00e9lienne. Photo : Jorn Verschuere\" class=\"wp-image-13211\"\/><\/a><figcaption class=\"wp-element-caption\">Ici, plusieurs r\u00e9sistants palestiniens de \u00ab\u00a0la Fosse aux Lions\u00a0\u00bb ont \u00e9t\u00e9 assassin\u00e9s par l\u2019arm\u00e9e d\u2019occupation Isra\u00e9lienne. Photo: Jorn Verschuere<\/figcaption><\/figure>\n\n\n\n<p>Voyager en Palestine, <strong>c&rsquo;est se heurter de temps \u00e0 autre \u00e0 des points de contr\u00f4le, prendre les soldats pour cible et \u00eatre t\u00e9moin d&rsquo;humiliations permanentes.<\/strong> C&rsquo;est la r\u00e9alit\u00e9 quotidienne \u00e0 laquelle chaque Palestinien\u00b7ne est confront\u00e9\u00b7e. C&rsquo;est comme subir l&rsquo;\u00e9preuve physique et \u00e9motionnelle d&rsquo;un\u00b7e marathonien\u00b7ne, encore et encore, jour apr\u00e8s jour.<\/p>\n\n\n\n<p>Le contraste \u00e9tait frappant entre les festivit\u00e9s du marathon d\u2019un c\u00f4t\u00e9 et la dure r\u00e9alit\u00e9 \u00e0 laquelle nous \u00e9tions confront\u00e9\u00b7e\u00b7s en Palestine les jours pr\u00e9c\u00e9dents. Le d\u00e9veloppement continu de l&rsquo;occupation isra\u00e9lienne et de son r\u00e9gime d&rsquo;apartheid approche de son point d&rsquo;\u00e9bullition.<\/p>\n\n\n\n<p>De <strong>d\u00e9sespoir de la situation, les raids isra\u00e9liens meurtriers toujours plus fr\u00e9quents et plus intenses, la perte totale de l\u00e9gitimit\u00e9 et de contr\u00f4le de l&rsquo;Autorit\u00e9 palestinienne<\/strong>&#8230; Il semble que l&rsquo;escalade soit in\u00e9vitable, ce qui nous pousse \u00e0 poser la question : <em>\u00ab\u00a0Est-ce qu&rsquo;on vient de courir un marathon avec la Troisi\u00e8me Intifada dans le dos ?<\/em>\u00ab\u00a0<\/p>\n\n\n\n<figure class=\"wp-block-gallery has-nested-images columns-default is-cropped wp-block-gallery-1 is-layout-flex wp-block-gallery-is-layout-flex\">\n<figure class=\"wp-block-image size-large\"><a href=\"https:\/\/www.vivasalud.be\/wp-content\/uploads\/2024\/04\/image00022.jpeg\"><img alt=\"\" fetchpriority=\"high\" decoding=\"async\" width=\"1440\" height=\"1920\" data-id=\"16839\" src=\"https:\/\/www.vivasalud.be\/wp-content\/uploads\/2024\/04\/image00022.jpeg\" class=\"wp-image-16839\" srcset=\"https:\/\/www.vivasalud.be\/wp-content\/uploads\/2024\/04\/image00022.jpeg 1440w, https:\/\/www.vivasalud.be\/wp-content\/uploads\/2024\/04\/image00022-600x800.jpeg 600w, https:\/\/www.vivasalud.be\/wp-content\/uploads\/2024\/04\/image00022-768x1024.jpeg 768w, https:\/\/www.vivasalud.be\/wp-content\/uploads\/2024\/04\/image00022-1152x1536.jpeg 1152w\" sizes=\"(max-width: 1440px) 100vw, 1440px\" \/><\/a><\/figure>\n\n\n\n<figure class=\"wp-block-image size-large\"><a href=\"https:\/\/www.vivasalud.be\/wp-content\/uploads\/2024\/04\/IMG_7809.jpeg\"><img alt=\"\" decoding=\"async\" width=\"1440\" height=\"1920\" data-id=\"16842\" src=\"https:\/\/www.vivasalud.be\/wp-content\/uploads\/2024\/04\/IMG_7809.jpeg\" class=\"wp-image-16842\" srcset=\"https:\/\/www.vivasalud.be\/wp-content\/uploads\/2024\/04\/IMG_7809.jpeg 1440w, https:\/\/www.vivasalud.be\/wp-content\/uploads\/2024\/04\/IMG_7809-600x800.jpeg 600w, https:\/\/www.vivasalud.be\/wp-content\/uploads\/2024\/04\/IMG_7809-768x1024.jpeg 768w, https:\/\/www.vivasalud.be\/wp-content\/uploads\/2024\/04\/IMG_7809-1152x1536.jpeg 1152w\" sizes=\"(max-width: 1440px) 100vw, 1440px\" \/><\/a><\/figure>\n<\/figure>\n\n\n\n<h2 class=\"wp-block-heading\">La seconde Nakba \u00e0 Oslo<\/h2>\n\n\n\n<p>Quelle que soit la r\u00e9ponse \u00e0 cette question, elle ne peut \u00eatre comprise sans un retour en arri\u00e8re sur <strong>deux ann\u00e9es cruciales : 1948 et 1995<\/strong>. L&rsquo;ann\u00e9e 1948 est connue de la plupart des gens comme l&rsquo;ann\u00e9e de l&rsquo;ind\u00e9pendance d&rsquo;Isra\u00ebl et de la cr\u00e9ation de l&rsquo;\u00c9tat.<\/p>\n\n\n\n<figure class=\"wp-block-image size-full\"><a href=\"https:\/\/www.vivasalud.be\/wp-content\/uploads\/2023\/04\/Image2.jpg\"><img decoding=\"async\" src=\"https:\/\/www.vivasalud.be\/wp-content\/uploads\/2023\/04\/Image2.jpg\" alt=\"Porte d'entr\u00e9e du camp de r\u00e9fugi\u00e9s d'A\u00efda \u00e0 Bethl\u00e9em. Photo : Jorn Verschuere\" class=\"wp-image-13214\"\/><\/a><figcaption class=\"wp-element-caption\">Porte d&rsquo;entr\u00e9e du camp de r\u00e9fugi\u00e9\u00b7e\u00b7s d&rsquo;A\u00efda \u00e0 Bethl\u00e9em. Photo : Jorn Verschuere<\/figcaption><\/figure>\n\n\n\n<p>Pour les Palestinien\u00b7ne\u00b7s, cette m\u00eame ann\u00e9e est connue comme la Nakba, ou \u00ab\u00a0la catastrophe\u00a0\u00bb. Elle fait r\u00e9f\u00e9rence au d\u00e9racinement de la soci\u00e9t\u00e9 palestinienne, au d\u00e9placement de <strong>plus de 700 000 Palestinien\u00b7ne\u00b7s, \u00e0 la destruction de 531 villages palestiniens et au d\u00e9but de l&rsquo;occupation isra\u00e9lienne de la Palestine<\/strong>.<\/p>\n\n\n\n<p>Apr\u00e8s plus de 70 ans, des centaines de milliers de Palestinien\u00b7ne\u00b7s vivent toujours dans des camps de r\u00e9fugi\u00e9\u00b7e\u00b7e\u00b7s. Malgr\u00e9 le passage du temps, ils consid\u00e8rent toujours qu&rsquo;il s&rsquo;agit d&rsquo;un lieu de r\u00e9sidence temporaire.<\/p>\n\n\n\n<p>Celleux qui visitent le camp de r\u00e9fugi\u00e9s de A\u00efda, verront une \u00e9norme <strong>\u00ab&nbsp;Cl\u00e9 du retour&nbsp;\u00bb pos\u00e9e sur le dessus de la porte d\u2019acc\u00e8s du camp, symbolisant la cl\u00e9 que les Palestinien\u00b7ne\u00b7s ont gard\u00e9 de leur ancienne maison<\/strong> et qui incarne le droit au retour dont iels sont toujours priv\u00e9s.<\/p>\n\n\n\n<p>Dans les ann\u00e9es 1990, les accords d&rsquo;Oslo ont promis la fin de l&rsquo;occupation et le d\u00e9but de l&rsquo;autonomie palestinienne. Mais trente ans plus tard, les Palestinien\u00b7ne\u00b7s consid\u00e8rent les accords comme une capitulation face \u00e0 Isra\u00ebl et une seconde Nakba.<\/p>\n\n\n\n<p>En effet, ces accords ont <a href=\"https:\/\/www.europarl.europa.eu\/RegData\/etudes\/briefing_note\/join\/2013\/491495\/EXPO-AFET_SP(2013)491495_EN.pdf\" target=\"_blank\" rel=\"noreferrer noopener\">divis\u00e9<\/a> la Cisjordanie <a href=\"https:\/\/www.europarl.europa.eu\/RegData\/etudes\/briefing_note\/join\/2013\/491495\/EXPO-AFET_SP(2013)491495_EN.pdf\" target=\"_blank\" rel=\"noreferrer noopener\">en trois zones<\/a> :<\/p>\n\n\n\n<ul class=\"wp-block-list\">\n<li><strong>La zone A <\/strong>(18%) est r\u00e9gie par l&rsquo;Autorit\u00e9 palestinienne (AP) ;<\/li>\n\n\n\n<li><strong>La zone B<\/strong> (20 %) sous contr\u00f4le civil de l&rsquo;AP mais sous contr\u00f4le militaire isra\u00e9lien ;<\/li>\n\n\n\n<li><strong>La zone C <\/strong>(62 %) est enti\u00e8rement administr\u00e9e par Isra\u00ebl.<\/li>\n<\/ul>\n\n\n\n<p>Le territoire a \u00e9t\u00e9 r\u00e9duit \u00e0 un patchwork d&rsquo;enclaves, de postes de contr\u00f4le militaires et finalement \u00e0 la construction du mur de l\u2019apartheid qui a \u00e9t\u00e9 d\u00e9clar\u00e9 ill\u00e9gal par la Cour p\u00e9nale internationale.<\/p>\n\n\n\n<figure class=\"wp-block-image size-full\"><a href=\"https:\/\/www.vivasalud.be\/wp-content\/uploads\/2023\/04\/Image3.jpg\"><img decoding=\"async\" src=\"https:\/\/www.vivasalud.be\/wp-content\/uploads\/2023\/04\/Image3.jpg\" alt=\"Porte-cl\u00e9s fabriqu\u00e9 \u00e0 partir de restes de grenades lacrymog\u00e8nes tir\u00e9es \u00e0 Aida par les forces d'occupation. Photo : Jorn Verschuere\" class=\"wp-image-13217\"\/><\/a><figcaption class=\"wp-element-caption\">Porte-cl\u00e9 fabriqu\u00e9 \u00e0 base des restes de bombes lacrymog\u00e8nes balanc\u00e9es sur le camp d\u2019A\u00efda par l\u2019arm\u00e9e d\u2019occupation. Photo : Jorn Verschuere<\/figcaption><\/figure>\n\n\n\n<p>Les emplacements strat\u00e9giques tels que les zones industrielles, les ressources en eau et les ressources en mati\u00e8res premi\u00e8res <strong><a href=\"https:\/\/www.btselem.org\/planning_and_building\" target=\"_blank\" rel=\"noreferrer noopener\">ont \u00e9t\u00e9 reprises dans la zone C et sont ainsi pass\u00e9s entre les mains de l&rsquo;\u00c9tat isra\u00e9lien<\/a><\/strong>. Lors de la construction du mur d&rsquo;apartheid, les limites convenues ont \u00e9galement souvent \u00e9t\u00e9 bafou\u00e9es afin d&rsquo;avoir un contr\u00f4le total sur ces zones.<\/p>\n\n\n\n<p>La fragmentation du territoire et les postes de contr\u00f4le militaires signifient \u00e9galement <strong>une d\u00e9pendance totale de la libert\u00e9 de mouvement des Palestiniens \u00e0 Isra\u00ebl,<\/strong> ce qui a comme cons\u00e9quence de fermer herm\u00e9tiquement les villages et les villes palestiniens.<\/p>\n\n\n\n<p>De plus, les colonies isra\u00e9liennes ill\u00e9gales continuent de prolif\u00e9rer en Cisjordanie, ce qu<strong>i implique le d\u00e9placement continu de Palestinien\u00b7ne\u00b7s<\/strong>, la construction du mur de l\u2019apartheid et un nombre croissant de points de contr\u00f4le militaires.<\/p>\n\n\n\n<p>Malgr\u00e9 le fait que les accords sont souvent consid\u00e9r\u00e9s comme un premier pas vers le droit \u00e0 l\u2019autod\u00e9termination des Palestinien\u00b7ne\u00b7s, c\u2019est Oslo qui a rendu impossible la solution dite \u00ab<em>&nbsp;de deux Etats&nbsp;<\/em>\u00bb et qui a favoris\u00e9 le d\u00e9veloppement de l\u2019occupation. \u00ab<em>&nbsp;Parce que comment voulez-vous avoir un \u00e9tat sans unit\u00e9 territoriale&nbsp;?&nbsp;<\/em>\u00bb ajoute notre guide d\u2019un air cynique. &nbsp;<\/p>\n\n\n\n<h2 class=\"wp-block-heading\">L&rsquo;impatience de la g\u00e9n\u00e9ration Z palestinienne<\/h2>\n\n\n\n<p>Alors que les accords d\u2019Oslo sont rest\u00e9s lettre morte, le malaise et l&rsquo;impatience continent de monter au sein de la population palestinienne, en particulier chez les jeunes. Le d\u00e9sespoir caus\u00e9 par l&rsquo;occupation, les humiliations continues &#8211; c&rsquo;est ainsi que <strong>notre guide \u00e0 H\u00e9bron s&rsquo;est fait litt\u00e9ralement cracher dessus par des jeunes Isra\u00e9liens<\/strong> &#8211; et l&rsquo;absence de toute perspective d&rsquo;avenir les poussent encore plus au d\u00e9sespoir.<\/p>\n\n\n\n<p>De plus, l&rsquo;un de nos guides a \u00e9galement parl\u00e9 du ph\u00e9nom\u00e8ne \u00e9mergent de \u00ab&nbsp;<a href=\"https:\/\/dawnmena.org\/more-repressive-and-less-legitimate-the-unaccountable-palestinian-authority\/\" target=\"_blank\" rel=\"noreferrer noopener\">syndrome de la culpabilit\u00e9 du survivant<\/a> \u00bb chez les jeunes Palestinien\u00b7ne\u00b7s. Presque chaque Palestinien\u00b7ne a bien un membre de sa famille, un\u00b7e ami\u00b7e ou une connaissance qui a \u00e9t\u00e9 tu\u00e9\u00b7e par l&rsquo;occupation.<\/p>\n\n\n\n<p>Les proches d\u00e9veloppent souvent un sentiment de culpabilit\u00e9 parce qu&rsquo;iels ont surv\u00e9cu \u00e0 l&rsquo;occupation mais n&rsquo;ont rien fait contre l&rsquo;occupation. Cela se traduit aussi d\u2019un point de vue g\u00e9n\u00e9rationnelle, avec la g\u00e9n\u00e9ration post-Oslo qui accuse l&rsquo;ancienne g\u00e9n\u00e9ration d&rsquo;une certaine forme de passivit\u00e9 vis-\u00e0-vis de l&rsquo;occupation.<\/p>\n\n\n\n<p>En cons\u00e9quence, un nombre croissant de jeunes consid\u00e8rent la r\u00e9sistance arm\u00e9e comme la seule issue restante. L&rsquo;un de ces nouveaux mouvements de r\u00e9sistance arm\u00e9e est la Fosse aux Lions (Lion\u2019s Den), qui a fait son apparition en \u00e9t\u00e9 2022.<\/p>\n\n\n\n<p>Elle organise des attaques contre les checkpoints militaires isra\u00e9liens et les colonies ill\u00e9gales. On sait peu de choses sur le contexte du mouvement, \u00e0 l&rsquo;exception qu\u2019ils op\u00e8rent ind\u00e9pendamment de tout parti ou faction politique et qu&rsquo;iels sont uni\u00b7e\u00b7s dans leur r\u00e9sistance (arm\u00e9e) contre l&rsquo;occupation isra\u00e9lienne de la Palestine.<\/p>\n\n\n\n<p>Le 22 f\u00e9vrier, <strong>l&rsquo;arm\u00e9e isra\u00e9lienne a organis\u00e9 un raid dans le centre historique de la ville de Naplouse pour \u00e9liminer certain\u00b7ne\u00b7s dirigeant\u00b7e\u00b7s de la Fosse aux Lions.<\/strong> Le raid a tu\u00e9 11 Palestinien\u00b7ne\u00b7s, en a bless\u00e9 des centaines et a compl\u00e8tement d\u00e9truit des maisons.<\/p>\n\n\n\n<p><strong>Bien que la ville soit une zone A, <\/strong>l&rsquo;arm\u00e9e isra\u00e9lienne n&rsquo;a pas \u00e9t\u00e9 emp\u00each\u00e9e par les forces de s\u00e9curit\u00e9 palestiniennes d&rsquo;entrer dans la ville, ce qui contribue \u00e0 la d\u00e9sillusion suppl\u00e9mentaire de la population vis-\u00e0-vis de l&rsquo;Autorit\u00e9 palestinienne<a href=\"https:\/\/www.dewereldmorgen.be\/artikel\/2023\/04\/03\/een-marathon-lopen-in-palestina-met-een-derde-intifada-in-de-rug\/#sdfootnote1sym\"><sup>1<\/sup><\/a> .<\/p>\n\n\n\n<p>Pour les habitant\u00b7e\u00b7s de Naplouse, et par extension pour beaucoup de Palestinien\u00b7ne\u00b7s,<strong> les membres de la Fosse aux Lions sont des h\u00e9ro\u00b7\u00efne\u00b7s et meurent en martyrs<\/strong>. Pour beaucoup, iels repr\u00e9sentent une nouvelle source d&rsquo;espoir dans la lutte contre le r\u00e9gime d&rsquo;apartheid d&rsquo;Isra\u00ebl.<\/p>\n\n\n\n<p>En t\u00e9moignent les nombreuses affiches qui d\u00e9peignent h\u00e9ro\u00efquement les martyrs dans les villes, les lieux des combats transform\u00e9s en lieu de p\u00e8lerinage et le port d\u2019arme visible des membres dans le centre-ville. Les \u00e9v\u00e9nements de Naplouse n&rsquo;\u00e9taient pas des \u00e9v\u00e9nements isol\u00e9s, pas plus que la mont\u00e9e de la Fosse aux Lions.<\/p>\n\n\n\n<figure class=\"wp-block-image size-full\"><a href=\"https:\/\/www.vivasalud.be\/wp-content\/uploads\/2023\/04\/Image4.jpg\"><img decoding=\"async\" src=\"https:\/\/www.vivasalud.be\/wp-content\/uploads\/2023\/04\/Image4.jpg\" alt=\"R\u00e9sister pour exister. Peinture murale \u00e0 Naplouse. Photo : Jorn Verschuere\" class=\"wp-image-13228\"\/><\/a><figcaption class=\"wp-element-caption\">Resist to exist. Peinture murale \u00e0 Naplouse. Photo : Jorn Verschuere<\/figcaption><\/figure>\n\n\n\n<p>Celle-ci doit \u00eatre replac\u00e9e dans une spirale croissante d\u2019affrontements et de violence. Avec <a href=\"https:\/\/www.ohchr.org\/en\/press-releases\/2022\/12\/israel-un-experts-condemn-record-year-israeli-violence-occupied-west-bank\" target=\"_blank\" rel=\"noreferrer noopener\">150 victimes palestiniennes<\/a>, l<strong>&lsquo;ann\u00e9e 2022 a d\u00e9j\u00e0 connu un <a href=\"https:\/\/www.vivasalud.be\/fr\/quatre-choses-que-vous-ne-saviez-pas\/\">nombre record d&rsquo;assassinats par l&rsquo;arm\u00e9e d&rsquo;occupation isra\u00e9lienne<\/a> ou les groupes d&rsquo;autod\u00e9fense des colons, et avec <a href=\"https:\/\/www.npr.org\/2023\/03\/12\/1162914502\/israeli-forces-have-killed-three-palestinians-in-a-shootout-in-the-west-bank\" target=\"_blank\" rel=\"noreferrer noopener\">80 victimes<\/a> apr\u00e8s les deux premiers mois de cette ann\u00e9e<\/strong>, il semble que 2023 d\u00e9passera ce chiffre. Il faut retourner \u00e0 la deuxi\u00e8me intifada, au d\u00e9but des ann\u00e9es 2000, pour avoir autant de victimes palestiniennes.<\/p>\n\n\n\n<p>Depuis l\u2019installation du nouveau gouvernement d&rsquo;extr\u00eame droite de Netanyahu fin 2022, le r\u00e9gime d&rsquo;apartheid n&rsquo;est plus camoufl\u00e9 ni balay\u00e9 sous le tapis, mais il est ouvertement affirm\u00e9. Ils ont d\u2019ailleurs d\u00e9j\u00e0 affirm\u00e9 que dans la lutte contre la Fosse aux Lions, ils n\u2019allaient pas h\u00e9siter \u00e0 utiliser des <a href=\"https:\/\/www.hrw.org\/news\/2023\/02\/02\/israel-collective-punishment-against-palestinians\" target=\"_blank\" rel=\"noreferrer noopener\">punitions collectives<\/a> \u00e0 leur entourage et \u00e0 leur famille.<\/p>\n\n\n\n<p>La Fosse aux Lions a r\u00e9pliqu\u00e9 au raid contre Naplouse par l\u2019assassinat de deux colons isra\u00e9liens dans la ville palestinienne de Huwara, \u00e0 quelques kilom\u00e8tres au Sud de Naplouse. Par la suite, des <a href=\"https:\/\/www.hrw.org\/news\/2023\/02\/02\/israel-collective-punishment-against-palestinians\" target=\"_blank\" rel=\"noreferrer noopener\">dizaines de colons isra\u00e9liens<\/a> ont envahi le village,<strong> br\u00fblant des dizaines de maisons et de voitures palestiniennes et, faisant un mort.<\/strong><\/p>\n\n\n\n<p>Il s\u2019agit ici d\u2019une v\u00e9ritable punition collective de la part d\u2019une milice qui a eu lieu sous le regard approbateur de l&rsquo;arm\u00e9e d&rsquo;occupation isra\u00e9lienne et qui a \u00e9t\u00e9 applaudie par le ministre isra\u00e9lien des Finances Bezalel Smotrich avec ces mots&nbsp;: <em>\u00ab\u00a0Je pense que tout le village de Huwara devrait \u00eatre supprim\u00e9 de la carte\u00a0\u00bb.<\/em><\/p>\n\n\n\n<p>Pendant notre s\u00e9jour en Palestine, <a href=\"https:\/\/www.aljazeera.com\/news\/2023\/3\/1\/israel-arrests-settlers-after-anti-palestinian-pogrom\" target=\"_blank\" rel=\"noreferrer noopener\">un raid isra\u00e9lien<\/a> a eu lieu dans le camp de r\u00e9fugi\u00e9s de J\u00e9nine, au nord du pays. <strong>Six personnes ont \u00e9t\u00e9 tu\u00e9es<\/strong>, dont l&rsquo;auteur qui avait tu\u00e9 des colons \u00e0 Huwara. \u00c0 J\u00e9nine toujours, l&rsquo;arm\u00e9e isra\u00e9lienne a men\u00e9 une attaque sur trois fronts : la ville enti\u00e8re a \u00e9t\u00e9 r\u00e9duite \u00e0 un champ de bataille, les <em>dommages collat\u00e9raux <\/em>font partie de la punition collective et m\u00eame les ambulances ont \u00e9t\u00e9 prises sous le feu de l&rsquo;ennemi.<\/p>\n\n\n\n<p>Ce soir-l\u00e0, \u00e0 Ramallah (au nord de J\u00e9rusalem), nous avons assist\u00e9 \u00e0 une manifestation spontan\u00e9e de solidarit\u00e9 avec les victimes, soutenu par les chants de guerre de l&rsquo;Intifada r\u00e9sonnant dans des enceintes dans les rues. Le lendemain, une gr\u00e8ve g\u00e9n\u00e9rale a eu lieu en Palestine, comme un signe collectif de deuil et de solidarit\u00e9.<\/p>\n\n\n\n<h2 class=\"wp-block-heading\">Une troisi\u00e8me Intifada imminente ?<\/h2>\n\n\n\n<p>Y aura-t-il une troisi\u00e8me Intifada ? C&rsquo;est une question qui est revenue plusieurs fois dans les conversations avec nos guides et partenaires. Bien s\u00fbr, aucun d&rsquo;entre eux ne peut le pr\u00e9dire comme \u00e7a.<\/p>\n\n\n\n<p>Mais tous \u00e9taient d\u2019accord pour dire que l\u2019escalade croissante est un terreau fertile. L&rsquo;occupation continue et le d\u00e9sespoir impitoyable cr\u00e9ent une situation de plus en plus instable dans laquelle les Palestinien\u00b7ne\u00b7s ne voient pas d&rsquo;autre issue que la r\u00e9sistance arm\u00e9e.<\/p>\n\n\n\n<p>De <strong>discours ethno-religieux ouvertement radical de la nouvelle administration Netanyahou et les raids qui l&rsquo;accompagnent ne font \u00e0 cet \u00e9gard que renforcer l&rsquo;intol\u00e9rence<\/strong> (<a href=\"https:\/\/www.vivasalud.be\/fr\/podcast-notatarget\/\">\u00e9couter notre podcast #NotATarget sur le sujet<\/a>). Le d\u00e9sespoir est d&rsquo;autant plus grand que, contrairement \u00e0 l&rsquo;Intifada pr\u00e9c\u00e9dente,<strong> l&rsquo;Autorit\u00e9 palestinienne a perdu toute l\u00e9gitimit\u00e9 et qu&rsquo;il n&rsquo;y a plus de figure de proue<\/strong> &#8211; comme le d\u00e9funt Yasser Arafat -qui puisse s&rsquo;exprimer au nom du peuple palestinien, et encore moins <strong>donner du pouvoir \u00e0 un mouvement de r\u00e9sistance souterrain et fragment\u00e9.<\/strong><\/p>\n\n\n\n<p>On attend anxieusement la p\u00e9riode du Ramadan, qui tombe cette ann\u00e9e en m\u00eame temps que la f\u00eate juive de Pessah. <strong>Pour les Palestinien\u00b7ne\u00b7s, le Ramadan va souvent de paire avec une augmentation des provocations et de la r\u00e9pression par les autorit\u00e9s isra\u00e9lienne et les colons.<\/strong><\/p>\n\n\n\n<p>L&rsquo;\u00e9l\u00e9ment d\u00e9clencheur de la pr\u00e9c\u00e9dente Intifada f\u00fbt la visite provocatrice d&rsquo;Ariel Sharon, alors chef de l&rsquo;opposition isra\u00e9lienne, sur le mont du Temple et dans la mosqu\u00e9e sacr\u00e9e d&rsquo;Al-Aqsa \u00e0 J\u00e9rusalem-Est.<strong> La crise de mai 2021 a \u00e9galement \u00e9t\u00e9 d\u00e9clench\u00e9e par la prise d&rsquo;assaut de la m\u00eame mosqu\u00e9e par les forces de s\u00e9curit\u00e9 isra\u00e9liennes<\/strong>. Pour de nombreux Palestinien\u00b7ne\u00b7s, la question n&rsquo;est pas de savoir s&rsquo;il y aura une telle provocation cette ann\u00e9e, mais ce qu&rsquo;elle entra\u00eenera.<\/p>\n\n\n\n<p>Remarque :<\/p>\n\n\n\n<p><a><\/a><a href=\"https:\/\/www.dewereldmorgen.be\/artikel\/2023\/04\/03\/een-marathon-lopen-in-palestina-met-een-derde-intifada-in-de-rug\/#sdfootnote1anc\">1 <\/a>Les accords d&rsquo;Oslo pr\u00e9voyaient notamment que le gouvernement palestinien n&rsquo;\u00e9tait pas autoris\u00e9 \u00e0 s&rsquo;appeler \u00ab\u00a0gouvernement\u00a0\u00bb car, selon Isra\u00ebl, cela impliquait la reconnaissance d&rsquo;un \u00c9tat. D&rsquo;o\u00f9 le nom quelque peu bizarre d&rsquo;Autorit\u00e9 palestinienne (nvdr).<\/p>","protected":false},"excerpt":{"rendered":"<p>Avec dix autres sportif\u00b7ve\u00b7s, Jorn Verschuere s&rsquo;est rendu en Palestine pour participer au marathon de Bethl\u00e9em<\/p>","protected":false},"author":15,"featured_media":16834,"comment_status":"closed","ping_status":"closed","sticky":false,"template":"","format":"standard","meta":{"_acf_changed":false,"_seopress_robots_primary_cat":"","_seopress_titles_title":"Courir un marathon en Palestine","_seopress_titles_desc":"Avec dix autres sportif\u00b7ve\u00b7s, Jorn Verschuere s&#039;est rendu en Palestine pour participer au marathon de Bethl\u00e9em.","_seopress_robots_index":"","footnotes":""},"categories":[896],"tags":[],"pays":[],"class_list":["post-13207","post","type-post","status-publish","format-standard","has-post-thumbnail","hentry","category-actualites"],"acf":[],"_links":{"self":[{"href":"https:\/\/www.vivasalud.be\/nl\/wp-json\/wp\/v2\/posts\/13207","targetHints":{"allow":["GET"]}}],"collection":[{"href":"https:\/\/www.vivasalud.be\/nl\/wp-json\/wp\/v2\/posts"}],"about":[{"href":"https:\/\/www.vivasalud.be\/nl\/wp-json\/wp\/v2\/types\/post"}],"author":[{"embeddable":true,"href":"https:\/\/www.vivasalud.be\/nl\/wp-json\/wp\/v2\/users\/15"}],"replies":[{"embeddable":true,"href":"https:\/\/www.vivasalud.be\/nl\/wp-json\/wp\/v2\/comments?post=13207"}],"version-history":[{"count":0,"href":"https:\/\/www.vivasalud.be\/nl\/wp-json\/wp\/v2\/posts\/13207\/revisions"}],"wp:featuredmedia":[{"embeddable":true,"href":"https:\/\/www.vivasalud.be\/nl\/wp-json\/wp\/v2\/media\/16834"}],"wp:attachment":[{"href":"https:\/\/www.vivasalud.be\/nl\/wp-json\/wp\/v2\/media?parent=13207"}],"wp:term":[{"taxonomy":"category","embeddable":true,"href":"https:\/\/www.vivasalud.be\/nl\/wp-json\/wp\/v2\/categories?post=13207"},{"taxonomy":"post_tag","embeddable":true,"href":"https:\/\/www.vivasalud.be\/nl\/wp-json\/wp\/v2\/tags?post=13207"},{"taxonomy":"pays","embeddable":true,"href":"https:\/\/www.vivasalud.be\/nl\/wp-json\/wp\/v2\/pays?post=13207"}],"curies":[{"name":"wp","href":"https:\/\/api.w.org\/{rel}","templated":true}]}}