{"id":14388,"date":"2023-06-26T10:35:49","date_gmt":"2023-06-26T08:35:49","guid":{"rendered":"https:\/\/www.vivasalud.be\/?p=14388"},"modified":"2023-06-26T10:36:20","modified_gmt":"2023-06-26T08:36:20","slug":"victoire-la-belgique-adopte-un-arret-des-exportations-de-pesticides-interdits","status":"publish","type":"post","link":"https:\/\/www.vivasalud.be\/nl\/blog\/2023\/06\/26\/victoire-la-belgique-adopte-un-arret-des-exportations-de-pesticides-interdits\/","title":{"rendered":"VICTOIRE ! La Belgique adopte un arr\u00eat des exportations de pesticides interdits\u00a0!"},"content":{"rendered":"<div style=\"height:27px\" aria-hidden=\"true\" class=\"wp-block-spacer\"><\/div>\n\n\n\n<p><strong><strong>Ce vendredi se jouait l\u2019adoption d\u2019un arr\u00eat\u00e9 royal important concernant l\u2019exportation de pesticides interdits hors des fronti\u00e8res europ\u00e9ennes. Apr\u00e8s des semaines de discussions entre cabinets, le projet port\u00e9 par la ministre Zakia Khattabi a enfin \u00e9t\u00e9 adopt\u00e9 par le Conseil des ministres ce vendredi 23 juin.<\/strong><\/strong><\/p>\n\n\n\n<p>Au nom de la coalition d\u2019ONG qui travaille depuis plus d\u2019un an pour que la Belgique mette fin \u00e0 ce commerce toxique, nous ne pouvons que nous r\u00e9jouir de cette d\u00e9cision\u00a0:<\/p>\n\n\n\n<p>\u00ab<strong>\u00a0<em>C\u2019est une excellente nouvelle pour la protection de l\u2019environnement, la sant\u00e9 des agriculteur\u00b7ice\u00b7s des pays tiers, les droits humains et, de mani\u00e8re g\u00e9n\u00e9rale, pour la transition vers des syst\u00e8mes alimentaires durables<\/em>\u00a0<\/strong>\u00bb, se r\u00e9jouit Jonas Jaccard, charg\u00e9 de plaidoyer <a href=\"https:\/\/www.humundi.org\/\" target=\"_blank\" rel=\"noreferrer noopener\">Humundi<\/a> (ex SOS Faim) et en charge de la campagne.<\/p>\n\n\n\n<figure class=\"wp-block-pullquote\"><blockquote><p>\u00ab\u00a0<em>La protection de l\u2019environnement, la sant\u00e9 des agriculteur\u00b7ice\u00b7s des pays tiers et la sant\u00e9 des consommateur\u00b7ice\u00b7s europ\u00e9en\u00b7ne\u00b7s l\u2019a ainsi emport\u00e9 sur les parts de march\u00e9 de quelques multinationales. Dans le long combat qui nous m\u00e8nera vers une sortie progressive des pesticides de synth\u00e8se et vers une \u00e9limination des plus dangereux d\u2019entre eux, il s\u2019agit d\u2019une \u00e9tape importante\u00a0!<\/em>\u00a0\u00bb<\/p><cite><strong>Suzy Serneels, charg\u00e9 de campagne sur les syst\u00e8mes alimentaires chez <a href=\"https:\/\/broederlijkdelen.be\/nl\/nieuws\/belgie-keurt-verbod-op-export-van-pesticiden-goed\" target=\"_blank\" rel=\"noreferrer noopener\">Broederlijk Delen.<\/a><\/strong><\/cite><\/blockquote><\/figure>\n\n\n\n<p>Le chemin ne doit pas s\u2019arr\u00eater l\u00e0 pour autant. <strong>Pour gagner en coh\u00e9rence, c\u2019est toute l\u2019Union europ\u00e9enne qui devrait cesser ces exportations de pesticides interdits. <\/strong>Apr\u00e8s la France, la Belgique se montre pionni\u00e8re en adoptant une telle mesure. C\u2019est un signal fort envoy\u00e9 \u00e0 l\u2019Europe ! Mais les pressions des lobbies restent fortes : nous nous sommes heurt\u00e9s aux r\u00e9ticences tr\u00e8s vives de l\u2019industrie qui a us\u00e9 de toutes sortes de pr\u00e9textes pour \u00e9viter de possibles r\u00e9gulations. Au niveau de l\u2019UE, ces r\u00e9ticences seront encore plus fortes, il faut s\u2019y pr\u00e9parer.<\/p>\n\n\n\n<p>Pour l\u2019heure, ces exportations belges ne seront bient\u00f4t plus qu\u2019un vieux souvenir\u00a0!<strong> C\u2019est une belle victoire pour les droits humains et la protection de l\u2019environnement!<\/strong><\/p>","protected":false},"excerpt":{"rendered":"<p>Ce vendredi se jouait l\u2019adoption d\u2019un arr\u00eat\u00e9 royal important concernant l\u2019exportation de pesticides interdits hors des fronti\u00e8res europ\u00e9ennes. Apr\u00e8s des semaines de discussions entre cabinets, le projet port\u00e9 par la ministre Zakia Khattabi a enfin \u00e9t\u00e9 adopt\u00e9 par le Conseil des ministres ce vendredi 23 juin.<\/p>","protected":false},"author":15,"featured_media":14391,"comment_status":"closed","ping_status":"closed","sticky":false,"template":"","format":"standard","meta":{"_acf_changed":false,"_seopress_robots_primary_cat":"","_seopress_titles_title":"La Belgique adopte un arr\u00eat des exportations de pesticides interdits","_seopress_titles_desc":"Victoire ! Apr\u00e8s des semaines de discussions entre cabinets belges, le projet contre l&#039;exportation de pesticides interdits \u00e0 \u00e9t\u00e9 adopt\u00e9 !","_seopress_robots_index":"","footnotes":""},"categories":[896],"tags":[660,176,746,759,198],"pays":[],"class_list":["post-14388","post","type-post","status-publish","format-standard","has-post-thumbnail","hentry","category-actualites","tag-conditions-de-travail-saines","tag-droits-humains","tag-pesticides","tag-soin","tag-soins-de-sante-publics"],"acf":[],"_links":{"self":[{"href":"https:\/\/www.vivasalud.be\/nl\/wp-json\/wp\/v2\/posts\/14388","targetHints":{"allow":["GET"]}}],"collection":[{"href":"https:\/\/www.vivasalud.be\/nl\/wp-json\/wp\/v2\/posts"}],"about":[{"href":"https:\/\/www.vivasalud.be\/nl\/wp-json\/wp\/v2\/types\/post"}],"author":[{"embeddable":true,"href":"https:\/\/www.vivasalud.be\/nl\/wp-json\/wp\/v2\/users\/15"}],"replies":[{"embeddable":true,"href":"https:\/\/www.vivasalud.be\/nl\/wp-json\/wp\/v2\/comments?post=14388"}],"version-history":[{"count":0,"href":"https:\/\/www.vivasalud.be\/nl\/wp-json\/wp\/v2\/posts\/14388\/revisions"}],"wp:featuredmedia":[{"embeddable":true,"href":"https:\/\/www.vivasalud.be\/nl\/wp-json\/wp\/v2\/media\/14391"}],"wp:attachment":[{"href":"https:\/\/www.vivasalud.be\/nl\/wp-json\/wp\/v2\/media?parent=14388"}],"wp:term":[{"taxonomy":"category","embeddable":true,"href":"https:\/\/www.vivasalud.be\/nl\/wp-json\/wp\/v2\/categories?post=14388"},{"taxonomy":"post_tag","embeddable":true,"href":"https:\/\/www.vivasalud.be\/nl\/wp-json\/wp\/v2\/tags?post=14388"},{"taxonomy":"pays","embeddable":true,"href":"https:\/\/www.vivasalud.be\/nl\/wp-json\/wp\/v2\/pays?post=14388"}],"curies":[{"name":"wp","href":"https:\/\/api.w.org\/{rel}","templated":true}]}}