{"id":15165,"date":"2023-09-20T15:34:04","date_gmt":"2023-09-20T13:34:04","guid":{"rendered":"https:\/\/www.vivasalud.be\/?p=15165"},"modified":"2023-09-21T15:28:09","modified_gmt":"2023-09-21T13:28:09","slug":"campagne-pour-le-personnel-soignant-rejoignez-laction-daffichage","status":"publish","type":"post","link":"https:\/\/www.vivasalud.be\/nl\/blog\/2023\/09\/20\/campagne-pour-le-personnel-soignant-rejoignez-laction-daffichage\/","title":{"rendered":"Campagne pour le personnel soignant : rejoignez les actions d&rsquo;affichage !"},"content":{"rendered":"<p>On poursuit nos actions pour de meilleures conditions de travail pour le personnel soignant&nbsp;! Les services publics essentiels continuent d&rsquo;\u00eatre sacrifi\u00e9s. Ils sont transform\u00e9s en vastes <a href=\"https:\/\/www.vivasalud.be\/fr\/limpact-de-la-privatisation-sur-les-soins-de-sante\/\">entreprises \u00e0 but lucratif<\/a>. Les services sont alors satur\u00e9s, le personnel surcharg\u00e9 et, dans le cas de la sant\u00e9, les soins deviennent inaccessibles \u00e0 une grande partie de la population.<\/p>\n\n\n\n<p>Vous partagez notre constat&nbsp;? Alors <strong>supportez notre campagne et joignez vous \u00e0 nos actions d\u2019affichage<\/strong>&nbsp;\u00e0 : <br><em>(Les horaires seront communiqu\u00e9es ult\u00e9rieurement mais nous ferons en sorte qu&rsquo;elles conviennent au plus grand nombre)<\/em><\/p>\n\n\n\n<ul class=\"wp-block-list\">\n<li><strong>Les 5 et 19 octobre, \u00e0 Bruxelles<\/strong><\/li>\n\n\n\n<li><strong>Le 11 octobre, \u00e0 Gand<\/strong><\/li>\n\n\n\n<li><strong>Le 18 octobre, \u00e0 Anvers<\/strong><\/li>\n<\/ul>\n\n\n\n<p>Vous \u00eates disponible et motiv\u00e9\u00b7e&nbsp;? Super&nbsp;! Inscrivez-vous, seul\u00b7e ou en groupe, \u00e0 nos actions <a href=\"https:\/\/www.vivasalud.be\/nl\/ninja-forms\/54jh5d\/\" target=\"_blank\" rel=\"noreferrer noopener\">via le formulaire<\/a>. On vous recontactera rapidement&nbsp;!<\/p>\n\n\n\n<div class=\"wp-block-buttons is-layout-flex wp-block-buttons-is-layout-flex\">\n<div class=\"wp-block-button\"><a class=\"wp-block-button__link wp-element-button\" href=\"https:\/\/www.vivasalud.be\/nl\/ninja-forms\/54jh5d\/\" target=\"_blank\" rel=\"noreferrer noopener\"><strong><mark style=\"background-color:rgba(0, 0, 0, 0)\" class=\"has-inline-color has-white-color\">&gt; Ik doe mee<\/mark><\/strong><\/a><\/div>\n<\/div>\n\n\n\n<p>Vous n&rsquo;\u00eates pas disponible \u00e0 ces dates ou souhaiteriez d\u00e9velopper des actions d&rsquo;affichages dans d&rsquo;autres villes de Belgique ? <a href=\"https:\/\/www.vivasalud.be\/fr\/commandez-nos-affiches-de-campagne-prenons-soin-des-soignantes\/\"><strong>Commandez gratuitement notre mat\u00e9riel de campagne<\/strong><\/a> ou pr\u00e9cisez votre projet \u00e0 <a href=\"\/nl\/marilyse@vivasalud.be\/\" target=\"_blank\" rel=\"noreferrer noopener\">Marilyse<\/a> (marilyse@vivasalud.be), nous vous accompagnerons dans vos actions ! <\/p>\n\n\n\n<p><\/p>","protected":false},"excerpt":{"rendered":"<p>Supportez notre campagne pour soutenir le personnel soignant et joignez vous \u00e0 nos actions d\u2019affichage \u00e0 Bruxelles, Gand et Anvers !<\/p>","protected":false},"author":15,"featured_media":15169,"comment_status":"open","ping_status":"closed","sticky":false,"template":"","format":"standard","meta":{"_acf_changed":false,"_seopress_robots_primary_cat":"","_seopress_titles_title":"Rejoignez les actions d&#039;affichage pour le personnel soignant","_seopress_titles_desc":"Supportez notre campagne pour soutenir le personnel soignant et joignez vous \u00e0 nos actions d\u2019affichage \u00e0 Bruxelles, Gand et Anvers !","_seopress_robots_index":"","footnotes":""},"categories":[237],"tags":[763],"pays":[],"class_list":["post-15165","post","type-post","status-publish","format-standard","has-post-thumbnail","hentry","category-action","tag-campagne"],"acf":[],"_links":{"self":[{"href":"https:\/\/www.vivasalud.be\/nl\/wp-json\/wp\/v2\/posts\/15165","targetHints":{"allow":["GET"]}}],"collection":[{"href":"https:\/\/www.vivasalud.be\/nl\/wp-json\/wp\/v2\/posts"}],"about":[{"href":"https:\/\/www.vivasalud.be\/nl\/wp-json\/wp\/v2\/types\/post"}],"author":[{"embeddable":true,"href":"https:\/\/www.vivasalud.be\/nl\/wp-json\/wp\/v2\/users\/15"}],"replies":[{"embeddable":true,"href":"https:\/\/www.vivasalud.be\/nl\/wp-json\/wp\/v2\/comments?post=15165"}],"version-history":[{"count":0,"href":"https:\/\/www.vivasalud.be\/nl\/wp-json\/wp\/v2\/posts\/15165\/revisions"}],"wp:featuredmedia":[{"embeddable":true,"href":"https:\/\/www.vivasalud.be\/nl\/wp-json\/wp\/v2\/media\/15169"}],"wp:attachment":[{"href":"https:\/\/www.vivasalud.be\/nl\/wp-json\/wp\/v2\/media?parent=15165"}],"wp:term":[{"taxonomy":"category","embeddable":true,"href":"https:\/\/www.vivasalud.be\/nl\/wp-json\/wp\/v2\/categories?post=15165"},{"taxonomy":"post_tag","embeddable":true,"href":"https:\/\/www.vivasalud.be\/nl\/wp-json\/wp\/v2\/tags?post=15165"},{"taxonomy":"pays","embeddable":true,"href":"https:\/\/www.vivasalud.be\/nl\/wp-json\/wp\/v2\/pays?post=15165"}],"curies":[{"name":"wp","href":"https:\/\/api.w.org\/{rel}","templated":true}]}}