{"id":15476,"date":"2023-11-08T12:18:15","date_gmt":"2023-11-08T11:18:15","guid":{"rendered":"https:\/\/www.vivasalud.be\/?p=15476"},"modified":"2023-11-08T12:19:29","modified_gmt":"2023-11-08T11:19:29","slug":"europese-mars-voor-palestijns-staakt-het-vuren-nu","status":"publish","type":"post","link":"https:\/\/www.vivasalud.be\/nl\/blog\/2023\/11\/08\/marche-europeenne-pour-la-palestine-cessez-le-feu-maintenant\/","title":{"rendered":"Europese mars voor Palestina: Staak het vuren nu!"},"content":{"rendered":"<p><strong>In het licht van de bloedbaden in Gaza, de uitbarsting van geweld op de Westelijke Jordaanoever en de etnische zuiveringen die in heel bezet Palestina plaatsvinden, moet ons kompas meer dan ooit het internationaal recht en de bescherming van het leven, de waardigheid en de mensenrechten blijven. Het geweld waaraan de Palestijnen overal in het gebied worden onderworpen, loopt volgens onafhankelijke VN-experts het risico op genocide. Door systematisch te weigeren de staat Isra\u00ebl te dwingen zich aan het internationaal recht te houden en door schendingen onbestraft te laten, draagt de Europese Unie een verpletterende verantwoordelijkheid voor de wanhopige situatie waarin we ons nu bevinden.<\/strong><\/p>\n\n\n\n<h2 class=\"wp-block-heading\"><strong>Europese demonstratie op 11 november <\/strong><\/h2>\n\n\n\n<p><strong>Laten we aanstaande zaterdag 11 november om 14.00 uur demonstreren vanaf het Gare du Nord (Brussel) om te eisen dat Belgi\u00eb en de Europese Unie :<\/strong><\/p>\n\n\n\n<ul class=\"wp-block-list\">\n<li>dat ze er alles aan doen om <strong>een onmiddellijk staakt-het-vuren<\/strong> en toegang tot internationale hulp voor Palestijnen in Gaza, die zich momenteel in een staat van absolute humanitaire noodtoestand bevinden; ;<\/li>\n\n\n\n<li>om te eisen dat Isra\u00ebl het beleg van Gaza opheft om <strong>opheffing van de blokkade<\/strong> en de herverbinding met de rest van het bezette Palestijnse gebied; ;<\/li>\n\n\n\n<li>ze brengen <strong>politieke en financi\u00eble steun <\/strong>het lopende onderzoek van het Internationaal Strafhof naar de situatie in Palestina; ;<\/li>\n\n\n\n<li>dat ze de structurele oorzaken van het huidige conflict aanpakken door het aannemen van<strong> bindende maatregelen tegen Isra\u00ebl <\/strong>om een einde te maken aan de bezetting, kolonisatie en apartheid tegen het Palestijnse volk, te beginnen met een militair embargo en het stoppen van de handel met Isra\u00eblische nederzettingen.<\/li>\n<\/ul>\n\n\n\n<p>De organisatoren roepen de deelnemers op om deze slogans te respecteren en vreedzaam te demonstreren.<\/p>\n\n\n\n<p>Elke vergoelijking van oorlogsmisdaden of aanvallen op burgers, elke uiting van antisemitisme of elke andere vorm van racisme zal leiden tot uitsluiting van het evenement.<\/p>","protected":false},"excerpt":{"rendered":"<p>Laten we zaterdag 11 november om 14 uur vanaf het Noordstation (Brussel) demonstreren voor een onmiddellijk staakt-het-vuren in Palestina.<\/p>","protected":false},"author":15,"featured_media":15479,"comment_status":"closed","ping_status":"closed","sticky":false,"template":"","format":"standard","meta":{"_acf_changed":false,"_seopress_robots_primary_cat":"","_seopress_titles_title":"%%title%%","_seopress_titles_desc":"Manifestons ce samedi 11 novembre \u00e0 14h \u00e0 partir de la Gare du Nord (Bruxelles) pour un cessez-le-feu imm\u00e9diat en Palestine.","_seopress_robots_index":"","footnotes":""},"categories":[237,896],"tags":[118,790,791],"pays":[119],"class_list":["post-15476","post","type-post","status-publish","format-standard","has-post-thumbnail","hentry","category-action","category-actualites","tag-gaza","tag-justice","tag-peace","pays-palestine"],"acf":[],"_links":{"self":[{"href":"https:\/\/www.vivasalud.be\/nl\/wp-json\/wp\/v2\/posts\/15476","targetHints":{"allow":["GET"]}}],"collection":[{"href":"https:\/\/www.vivasalud.be\/nl\/wp-json\/wp\/v2\/posts"}],"about":[{"href":"https:\/\/www.vivasalud.be\/nl\/wp-json\/wp\/v2\/types\/post"}],"author":[{"embeddable":true,"href":"https:\/\/www.vivasalud.be\/nl\/wp-json\/wp\/v2\/users\/15"}],"replies":[{"embeddable":true,"href":"https:\/\/www.vivasalud.be\/nl\/wp-json\/wp\/v2\/comments?post=15476"}],"version-history":[{"count":0,"href":"https:\/\/www.vivasalud.be\/nl\/wp-json\/wp\/v2\/posts\/15476\/revisions"}],"wp:featuredmedia":[{"embeddable":true,"href":"https:\/\/www.vivasalud.be\/nl\/wp-json\/wp\/v2\/media\/15479"}],"wp:attachment":[{"href":"https:\/\/www.vivasalud.be\/nl\/wp-json\/wp\/v2\/media?parent=15476"}],"wp:term":[{"taxonomy":"category","embeddable":true,"href":"https:\/\/www.vivasalud.be\/nl\/wp-json\/wp\/v2\/categories?post=15476"},{"taxonomy":"post_tag","embeddable":true,"href":"https:\/\/www.vivasalud.be\/nl\/wp-json\/wp\/v2\/tags?post=15476"},{"taxonomy":"pays","embeddable":true,"href":"https:\/\/www.vivasalud.be\/nl\/wp-json\/wp\/v2\/pays?post=15476"}],"curies":[{"name":"wp","href":"https:\/\/api.w.org\/{rel}","templated":true}]}}