{"id":16344,"date":"2024-02-06T11:14:01","date_gmt":"2024-02-06T10:14:01","guid":{"rendered":"https:\/\/www.vivasalud.be\/?p=16344"},"modified":"2025-11-25T15:03:17","modified_gmt":"2025-11-25T15:03:17","slug":"de-presidentsverkiezingen-in-de-democratische-republiek-congo-volgens-onze-partner-etoile-du-sud","status":"publish","type":"post","link":"https:\/\/www.vivasalud.be\/nl\/blog\/2024\/02\/06\/les-elections-presidentielles-en-rd-congo-vues-par-notre-partenaire-etoile-du-sud\/","title":{"rendered":"De presidentsverkiezingen in DR Congo volgens onze partner Etoile du Sud"},"content":{"rendered":"<p><strong>Het einde van 2023 in de Democratische Republiek Congo was een drukke tijd met presidentsverkiezingen. Terwijl politici zich klaarmaakten voor de verkiezingscampagne <a href=\"https:\/\/www.facebook.com\/www.etoiledusud.cd\">de Zuidelijke Ster<\/a> (EDS) had al een innovatief initiatief voor volksdemocratie gelanceerd met zijn Comit\u00e9s Electoraux Populaires (CPP) en zijn jongerendynamiek. <\/strong><\/p>\n\n\n\n<p class=\"has-black-color has-text-color has-link-color wp-elements-d735f614f50fccc50c72f79fab300823\">We hebben gevraagd aan<strong> Billy Mwangaza <\/strong>en <strong>John Vulume<\/strong>, de ene voorzitter en de andere lid van de jongerengroep van EDS, om ons te vertellen over het werk van Etoile du Sud tijdens deze bijzondere periode en hoe zij tegen deze verkiezingen aankijken.<\/p>\n\n\n\n<p class=\"has-text-color has-link-color has-medium-font-size wp-elements-64890c6746717c67f6b21e41c9bd27e6\" style=\"color:#cc5d0d\"><strong>Kun je ons in een paar woorden vertellen hoe de politieke situatie was tijdens de verkiezingscampagne in de DRC?<\/strong><\/p>\n\n\n\n<p class=\"has-black-color has-text-color has-link-color wp-elements-ac4c39420ddc01919ac535f808afeb93\"><strong>Billy Mwangaza:<\/strong> De verkiezingscampagne is een superbelangrijke periode voor de democratie. Het is een moment om kandidaten aan te spreken en idee\u00ebn voor te stellen. In de Democratische Republiek Congo was de campagne best druk. Aan de ene kant wilde de presidenti\u00eble meerderheid, verenigd in de Union Sacr\u00e9e, een tweede termijn, ondanks eerdere resultaten die tot nu toe geen zichtbare impact hebben gehad op de gezondheid van de bevolking. Verschillende programma's, zoals gratis kraamzorg en gratis medische zorg voor een deel van de bevolking, waren opgezet om politieke belangen te dienen in de aanloop naar de verkiezingen.<\/p>\n\n\n\n<p>De politieke oppositie heeft geen duidelijk programma laten zien, waardoor er twijfels zijn over of ze het land wel kan leiden. Die twijfels worden nog versterkt door beschuldigingen van de meerderheid over plunderingen waarbij de oppositie en gewapende groepen betrokken zijn, waardoor het land al decennialang in rouw is.<\/p>\n\n\n\n<p class=\"has-text-color has-link-color has-medium-font-size wp-elements-c44f712b406739a0e63ad872df4843ca\" style=\"color:#cc5d0d\"><strong>De verkiezingsperiode zou ook een moment moeten zijn om na te denken en te praten met de mensen over de veranderingen die ze willen. Kun je ons vertellen hoe Etoile du Sud deze kans heeft aangegrepen?<\/strong><\/p>\n\n\n\n<p><strong>Billy Mwangaza:<\/strong> L'\u00c9toile du Sud heeft via zijn basisstructuren de \u00abComit\u00e9s \u00c9lectoraux Populaires\u00bb (volksverkiezingscomit\u00e9s) opgezet om mensen te informeren over hoe ze zelf de programma's van de kandidaten kunnen checken en hoe ze slim kunnen stemmen. Zo heeft de jongerenafdeling van 18 november tot 18 december 2023, naast activiteiten met basisstructuren, een \u00abIntensief verkiezingsvoorlichtingsprogramma met het oog op de verkiezingen\u00ab opgezet. <\/p>\n\n\n\n<p class=\"has-black-color has-text-color has-link-color wp-elements-9ac00cf961d1ea846fe5a532228b76c6\"><\/p>\n\n\n\n<figure class=\"wp-block-gallery has-nested-images columns-default is-cropped wp-block-gallery-1 is-layout-flex wp-block-gallery-is-layout-flex\">\n<figure class=\"wp-block-image size-large\"><a href=\"https:\/\/www.vivasalud.be\/wp-content\/uploads\/2024\/01\/Image4.jpg\"><img alt=\"\" fetchpriority=\"high\" decoding=\"async\" width=\"391\" height=\"293\" data-id=\"16356\" src=\"https:\/\/www.vivasalud.be\/wp-content\/uploads\/2024\/01\/Image4.jpg\" class=\"wp-image-16356\"\/><\/a><\/figure>\n\n\n\n<figure class=\"wp-block-image size-large\"><a href=\"https:\/\/www.vivasalud.be\/wp-content\/uploads\/2024\/01\/Image1.jpg\"><img alt=\"\" decoding=\"async\" width=\"329\" height=\"247\" data-id=\"16347\" src=\"https:\/\/www.vivasalud.be\/wp-content\/uploads\/2024\/01\/Image1.jpg\" class=\"wp-image-16347\"\/><\/a><\/figure>\n\n\n\n<figure class=\"wp-block-image size-large\"><a href=\"https:\/\/www.vivasalud.be\/wp-content\/uploads\/2024\/01\/Image3.jpg\"><img decoding=\"async\" width=\"374\" height=\"499\" data-id=\"16353\" src=\"https:\/\/www.vivasalud.be\/wp-content\/uploads\/2024\/01\/Image3.jpg\" alt=\"begane grond\" class=\"wp-image-16353\"\/><\/a><\/figure>\n<\/figure>\n\n\n\n<p class=\"has-black-color has-text-color has-link-color wp-elements-c2993451fe260ff1c258e7120b78746c\">Dit programma was vooral bedoeld om leden van katholieke en protestantse kerken te laten zien hoe belangrijk het is om de juiste vragen te stellen en kandidaten aan te spreken. In Noord-Kivu waren 21 gemeenschappen van de Kerk van Christus in Congo (ECC) bij dit programma betrokken en in Kinshasa waren dat 43 katholieke parochies. In elk van deze parochies werd een groep van vijf personen opgericht om het bewustzijn te vergroten.<\/p>\n\n\n\n<p>Trots op deze bewustwording wilde \u00c9toile du Sud helpen bij het ontstaan van een verantwoordelijke politieke klasse die zich inzet voor het welzijn van de bevolking, voor het recht op gezondheid en voor de sociale factoren die van invloed zijn op de gezondheid.<\/p>\n\n\n\n<p class=\"has-text-color has-link-color has-medium-font-size wp-elements-fd7da4398362cd201e811a2d0eda9558\" style=\"color:#cc5d0d\"><strong>Verschillende getuigenissen hebben gemeld dat de stemming chaotisch verliep.<\/strong><\/p>\n\n\n\n<p class=\"has-black-color has-text-color has-link-color wp-elements-d2c4138e0d81208a555b93997fd89ca5\"><strong>Billy Mwangaza:<\/strong> Op 20 december 2023 waren er in de Democratische Republiek Congo verschillende verkiezingen tegelijk: presidents-, nationale, provinciale en lokale verkiezingen. De CPP was teleurgesteld toen ze hoorde dat er verschillende overtredingen van de kieswet waren, vooral over hoe lang de verkiezingen duurden en het gebruik van stemmachines in de huizen van sommige politici. Hierdoor konden kandidaten de stembussen vullen om meer stemmen te krijgen. Een ernstige antidemocratische praktijk die Etoile du Sud en activisten voor het recht op gezondheid veroordelen. <\/p>\n\n\n\n<p>De CENI heeft de resultaten van de presidentsverkiezingen bekendgemaakt en die zijn door het Constitutionele Hof bevestigd, waardoor de overwinning van de presidenti\u00eble meerderheid onder leiding van F\u00e9lix Tshisekedi officieel is.<\/p>\n\n\n\n<p class=\"has-text-color has-link-color has-medium-font-size wp-elements-f7f97d315ae13f787ef5ed398c3626c5\" style=\"color:#cc5d0d\"><strong>Wat vinden Etoile du Sud en haar activisten voor het recht op gezondheid van de verkiezingsuitslag?<\/strong><\/p>\n\n\n\n<p class=\"has-black-color has-text-color has-link-color wp-elements-3348d6f7f5d63e8b205cc1578f0c32fe\"><strong>John Vulume: <\/strong>Ondanks de onzekerheden blijven de activisten optimistisch. Direct na de verkiezingen is een periode van actieve monitoring begonnen om ervoor te zorgen dat de gekozenen hun beloften nakomen. Deze periode is bedoeld om de resultaten van de eerste ambtstermijn te versterken, waarin een paar bemoedigende stappen zijn gezet om het gezondheidszorgsysteem in de DRC te verbeteren. Deze maatregelen omvatten de renovatie van verschillende ziekenhuizen, de bouw van gezondheidscentra in 145 gebieden in het kader van het lokale ontwikkelingsproject en de uitwerking van het nationale plan voor gezondheidsontwikkeling, dat tot doel heeft het gezondheidszorgsysteem te versterken om de gezondheid en het welzijn van de meest kwetsbare bevolkingsgroepen, die vaak te maken hebben met een hoge sterfte, te verbeteren. Ten slotte is in Kinshasa een proefproject gestart met universele gezondheidszorg (CSU), waarbij kraamzorg en zorg voor pasgeborenen gratis zijn.<\/p>\n\n\n\n<p><strong>Activisten voor het recht op gezondheid vragen zich af hoe de universele gezondheidszorg in andere provincies werkt.<\/strong> en ook de basisgezondheidszorg voor andere groepen mensen regelen.<\/p>\n\n\n\n<p>Hoewel sommigen de uitslag van de presidentsverkiezingen hebben aangevochten vanwege fraude, accepteren voorvechters van het recht op gezondheid de uitslag om de verworvenheden te behouden, maar blijven ze alert en organiseren ze indien nodig drukacties.<\/p>\n\n\n\n<p><\/p>\n\n\n\n<div class=\"wp-block-media-text is-stacked-on-mobile\"><figure class=\"wp-block-media-text__media\"><\/figure><div class=\"wp-block-media-text__content\">\n<p><\/p>\n<\/div><\/div>","protected":false},"excerpt":{"rendered":"<p>Het einde van 2023 in de Democratische Republiek Congo stond in het teken van tumultueuze presidentsverkiezingen. Terwijl de politici zich klaarmaakten voor de verkiezingscampagne, lanceerden de teams van Etoile du Sud (EDS) een innovatief initiatief voor volksdemocratie. Tussen het behoud van verworvenheden, bewustmakingsactiviteiten en verhoogde waakzaamheid van de zittende macht, blikken we terug op een drukke politieke periode voor EDS in de DR Congo. <\/p>","protected":false},"author":15,"featured_media":16359,"comment_status":"closed","ping_status":"closed","sticky":false,"template":"","format":"standard","meta":{"_acf_changed":false,"_seopress_robots_primary_cat":"","_seopress_titles_title":"Retour sur des \u00e9lections pr\u00e9sidentielles contest\u00e9es en RD Congo","_seopress_titles_desc":"Retour sur des \u00e9lections pr\u00e9sidentielles 2023 contest\u00e9es en RD Congo avec notre partenaire Etoile du Sud, qui lan\u00e7ait une initiative novatrice de d\u00e9mocratie populaire.","_seopress_robots_index":"","footnotes":""},"categories":[896],"tags":[401,813,790,198],"pays":[892],"class_list":["post-16344","post","type-post","status-publish","format-standard","has-post-thumbnail","hentry","category-actualites","tag-droit-a-la-sante","tag-election","tag-justice","tag-soins-de-sante-publics","pays-rd-congo"],"acf":[],"_links":{"self":[{"href":"https:\/\/www.vivasalud.be\/nl\/wp-json\/wp\/v2\/posts\/16344","targetHints":{"allow":["GET"]}}],"collection":[{"href":"https:\/\/www.vivasalud.be\/nl\/wp-json\/wp\/v2\/posts"}],"about":[{"href":"https:\/\/www.vivasalud.be\/nl\/wp-json\/wp\/v2\/types\/post"}],"author":[{"embeddable":true,"href":"https:\/\/www.vivasalud.be\/nl\/wp-json\/wp\/v2\/users\/15"}],"replies":[{"embeddable":true,"href":"https:\/\/www.vivasalud.be\/nl\/wp-json\/wp\/v2\/comments?post=16344"}],"version-history":[{"count":0,"href":"https:\/\/www.vivasalud.be\/nl\/wp-json\/wp\/v2\/posts\/16344\/revisions"}],"wp:featuredmedia":[{"embeddable":true,"href":"https:\/\/www.vivasalud.be\/nl\/wp-json\/wp\/v2\/media\/16359"}],"wp:attachment":[{"href":"https:\/\/www.vivasalud.be\/nl\/wp-json\/wp\/v2\/media?parent=16344"}],"wp:term":[{"taxonomy":"category","embeddable":true,"href":"https:\/\/www.vivasalud.be\/nl\/wp-json\/wp\/v2\/categories?post=16344"},{"taxonomy":"post_tag","embeddable":true,"href":"https:\/\/www.vivasalud.be\/nl\/wp-json\/wp\/v2\/tags?post=16344"},{"taxonomy":"pays","embeddable":true,"href":"https:\/\/www.vivasalud.be\/nl\/wp-json\/wp\/v2\/pays?post=16344"}],"curies":[{"name":"wp","href":"https:\/\/api.w.org\/{rel}","templated":true}]}}