{"id":17281,"date":"2024-05-29T12:07:55","date_gmt":"2024-05-29T10:07:55","guid":{"rendered":"https:\/\/www.vivasalud.be\/?p=17281"},"modified":"2025-11-25T15:02:01","modified_gmt":"2025-11-25T15:02:01","slug":"communique-de-presse-action-pour-les-soignant%c2%b7e%c2%b7s-de-gaza-ce-30-mai-a-bruxelles","status":"publish","type":"post","link":"https:\/\/www.vivasalud.be\/nl\/blog\/2024\/05\/29\/communique-de-presse-action-pour-les-soignant%c2%b7e%c2%b7s-de-gaza-ce-30-mai-a-bruxelles\/","title":{"rendered":"Communiqu\u00e9 de presse : action pour les soignant\u00b7e\u00b7s de Gaza ce 30 mai, \u00e0 Bruxelles"},"content":{"rendered":"<p><strong><em>Communiqu\u00e9 de presse action 30 mai Place de l&rsquo;Albertine, Bruxelles<\/em><\/strong>.<\/p>\n\n\n\n<p><strong>Viva Salud, ONG belge qui travaille pour le droit \u00e0 la sant\u00e9 avec des partenaires en Palestine, est profond\u00e9ment pr\u00e9occup\u00e9e par l&rsquo;escalade de la violence contre le syst\u00e8me de sant\u00e9 \u00e0 Gaza. Les attaques de l&rsquo;arm\u00e9e isra\u00e9lienne contre le personnel m\u00e9dical, les h\u00f4pitaux et les ambulances sont une attaque contre l&rsquo;ensemble du syst\u00e8me de sant\u00e9 de Gaza. <\/strong><\/p>\n\n\n\n<p><strong>Depuis le dimanche 19 mai, l&rsquo;h\u00f4pital Al-Awda de Jabalia, partenaire de Viva Salud et de la Coop\u00e9ration belge au d\u00e9veloppement, est assi\u00e9g\u00e9 pour la deuxi\u00e8me fois depuis le d\u00e9but de la guerre. Les soldats isra\u00e9liens ont forc\u00e9 le personnel et les patients\u00b7es \u00e0 quitter l&rsquo;h\u00f4pital. Cependant, certains membres du personnel ont refus\u00e9 d\u2019obtemp\u00e9rer, car plusieurs patients\u00b7es ne peuvent \u00eatre \u00e9vacu\u00e9s\u00b7es en lieu s\u00fbr en raison du manque d&rsquo;ambulances et d&rsquo;h\u00f4pitaux dans la r\u00e9gion. Le directeur par int\u00e9rim, Mohammed Salha, est rest\u00e9 sur place avec 13 autres membres du personnel de l&rsquo;AWDA, au c\u00f4t\u00e9 de 11 patients\u00b7es qui ne peuvent \u00eatre \u00e9vacu\u00e9s\u00b7es. Deux proches de patients\u00b7es mineurs\u00b7es sont \u00e9galement rest\u00e9\u00b7e\u00b7s sur place.<\/strong><\/p>\n\n\n\n<p>L&rsquo;h\u00f4pital Al Awda avait d\u00e9j\u00e0 \u00e9t\u00e9 assi\u00e9g\u00e9 en d\u00e9cembre. Cinq membres du personnel avaient alors \u00e9t\u00e9 arr\u00eat\u00e9s par l&rsquo;arm\u00e9e isra\u00e9lienne, dont le directeur, le <strong><a href=\"https:\/\/action.wemove.eu\/sign\/2024-2-free-doctor-ahmed-muhanna-and-the-awda-medical-staff-FR\">Dr Ahmed Muhanna<\/a><\/strong>. \u00c0 ce jour, on ignore o\u00f9 le Dr Muhanna et ses coll\u00e8gues sont d\u00e9tenus et dans quel \u00e9tat ils se trouvent. Le docteur Adnan al-Bursh, qui a d&rsquo;abord travaill\u00e9 \u00e0 l&rsquo;h\u00f4pital Al Shifa avant de venir aider l&rsquo;AWDA \u00e0 Jabalia, avait \u00e9galement \u00e9t\u00e9 captur\u00e9 par les soldats isra\u00e9liens ce jour-l\u00e0. Nous avons r\u00e9cemment appris qu\u2019il avait \u00e9t\u00e9 tu\u00e9 dans une prison isra\u00e9lienne.<\/p>\n\n\n\n<p class=\"has-text-color has-link-color wp-elements-e0660f3a95e937ec097784341f44b47a\" style=\"color:#cb5c0d;font-size:32px\"><strong>En finir avec les crimes de guerre et l&rsquo;impunit\u00e9 <\/strong><\/p>\n\n\n\n<p><strong>C\u2019est dans ce cadre que Viva Salud, accompagn\u00e9 de nombreuses autres organisations, organisera une action sur la place de l&rsquo;Albertine \u00e0 Bruxelles le jeudi 30 mai \u00e0 15h.<\/strong> Nous y accrocherons une longue corde \u00e0 linge, \u00e0 laquelle sera attach\u00e9 du mat\u00e9riel m\u00e9dical, symbolisant les 493 membres du personnel soignant de Gaza assassin\u00e9s, ainsi que toutes les vies qu&rsquo;iels ne peuvent plus sauver.<\/p>\n\n\n\n<p>En outre, Viva Salud demande que le Premier ministre Alexander De Croo mette en place un embargo militaire en Belgique et que le gouvernement belge, sous sa direction, mette sur la table des sanctions concr\u00e8tes contre Isra\u00ebl au sein de l&rsquo;UE.&nbsp;<\/p>\n\n\n\n<p><em>Pour toute question, veuillez nous contacter \u00e0 l&rsquo;adresse <a href=\"mailto:victor@vivasalud.be\">victor@vivasalud.be<\/a> ou au num\u00e9ro +32 474 733 585.<\/em><\/p>\n\n\n\n<p>\u00ab&nbsp;<em>L&rsquo;heure tourne pour AWDA. La p\u00e9nurie de nourriture, d&rsquo;eau, de carburant, d&rsquo;\u00e9quipement m\u00e9dical et de m\u00e9dicaments pour les 27 personnes pr\u00e9sentes devient dramatique<\/em>&nbsp;\u00bb, s\u2019inqui\u00e8te le docteur Mohammed Salha dans un message envoy\u00e9 \u00e0 Viva Salud hier matin. <strong>C\u2019est aussi un d\u00e9sastre pour les Palestinien\u00b7ne\u00b7s de la r\u00e9gion. AWDA est le seul h\u00f4pital du nord de la bande de Gaza \u00e0 pouvoir offrir des services de chirurgie orthop\u00e9dique et de maternit\u00e9. <\/strong>\u00ab <em>Chaque jour o\u00f9 le gouvernement belge d\u00e9cide de ne pas agir est un jour o\u00f9 les femmes doivent accoucher dans la rue, o\u00f9 des amputations doivent \u00eatre pratiqu\u00e9es parce que les blessures s&rsquo;infectent et o\u00f9 d&rsquo;innombrables innocent\u00b7e\u00b7s meurent<\/em> \u00bb a aussi d\u00e9clar\u00e9 ce dernier. L&rsquo;un des derniers h\u00f4pitaux du nord de Gaza est au bord de l&rsquo;effondrement. \u00ab&nbsp;Viva Salud ne peut pas rester plus longtemps sans rien faire, a d\u00e9clar\u00e9 Victor De Roeck, charg\u00e9 politique chez Viva Salud,<em> les professionnel\u00b7le\u00b7s de la sant\u00e9 ne devraient jamais, au grand jamais, \u00eatre pris pour cible. Que ces crimes de guerre se poursuivent depuis des mois sans qu&rsquo;aucune action structurelle ne soit prise pour y mettre fin est vraiment incompr\u00e9hensible.&nbsp; La Belgique et De Croo doivent prendre des mesures maintenant pour s&rsquo;assurer que le g\u00e9nocide \u00e0 Gaza s&rsquo;arr\u00eate !<\/em>\u00ab\u00a0<\/p>\n\n\n\n<figure class=\"wp-block-table\"><table class=\"has-background\" style=\"background-color:#ffaf83\"><tbody><tr><td><strong>AWDA<\/strong> is een Gazaanse gezondheidsorganisatie met 2 ziekenhuizen en 6 wijkgezondheidscentra in de hele Gazastrook. De gezondheidscentra bieden niet alleen gezondheidszorg, maar ook opleidingen en een ontmoetingsplaats voor jongeren. Sinds 7 oktober verleent AWDA andere diensten in overeenstemming met de behoeften van de bevolking: distributie van voedselpakketten, matrassen en dekens voor ontheemden en activiteitenkits voor getraumatiseerde kinderen. AWDA heeft sinds 7 oktober 7 personeelsleden verloren en 6 van hen zitten in de gevangenis zonder te weten waarvan ze beschuldigd worden of wat hun straf is. De medewerkers zetten hun werk echter voort, terwijl vrouwen blijven bevallen en de gewonden blijven binnenstromen.&nbsp;<\/td><\/tr><\/tbody><\/table><\/figure>\n\n\n\n<hr class=\"wp-block-separator has-alpha-channel-opacity\"\/>\n\n\n\n<div class=\"wp-block-media-text is-stacked-on-mobile\" style=\"grid-template-columns:32% auto\"><figure class=\"wp-block-media-text__media\"><img alt=\"\" fetchpriority=\"high\" decoding=\"async\" width=\"1280\" height=\"852\" src=\"https:\/\/www.vivasalud.be\/wp-content\/uploads\/2024\/05\/6a7e9287-1a29-4aa5-9648-3a5407b397ab.jpeg\" class=\"wp-image-17141 size-full\" srcset=\"https:\/\/www.vivasalud.be\/wp-content\/uploads\/2024\/05\/6a7e9287-1a29-4aa5-9648-3a5407b397ab.jpeg 1280w, https:\/\/www.vivasalud.be\/wp-content\/uploads\/2024\/05\/6a7e9287-1a29-4aa5-9648-3a5407b397ab-800x533.jpeg 800w, https:\/\/www.vivasalud.be\/wp-content\/uploads\/2024\/05\/6a7e9287-1a29-4aa5-9648-3a5407b397ab-768x511.jpeg 768w\" sizes=\"(max-width: 1280px) 100vw, 1280px\" \/><\/figure><div class=\"wp-block-media-text__content\">\n<p class=\"has-black-color has-text-color has-link-color has-medium-font-size wp-elements-9d9c28cb7fad5f21b042cdfb01b19748\"><strong>Viva Salud<\/strong> Steunt AWDA en roept op tot de onmiddellijke vrijlating van AWDA-medewerkers en haar directeur Dr. Ahmed Muhanna. We roepen op tot de onvoorwaardelijke bescherming van alle gezondheidswerkers in Gaza. Gezondheidswerkers zijn geen militair doelwit.<br><br>\u25b6\ufe0e <a href=\"https:\/\/action.wemove.eu\/sign\/2024-2-free-doctor-ahmed-muhanna-and-the-awda-medical-staff-FR\"><strong>Teken onze petitie<\/strong><\/a><\/p>\n<\/div><\/div>\n\n\n\n<hr class=\"wp-block-separator has-alpha-channel-opacity\"\/>","protected":false},"excerpt":{"rendered":"<p>Rejoignez l&rsquo;action pour les soignant\u00b7e\u00b7s de Gaza \u00e0 Bruxelles, ce jeudi 30 mai d\u00e8s 15h, sur la place de l&rsquo;Albertine ! <\/p>","protected":false},"author":15,"featured_media":17287,"comment_status":"closed","ping_status":"closed","sticky":false,"template":"","format":"standard","meta":{"_acf_changed":false,"_seopress_robots_primary_cat":"","_seopress_titles_title":"","_seopress_titles_desc":"Rejoignez l&#039;action pour les soignant\u00b7e\u00b7s de Gaza \u00e0 Bruxelles, ce jeudi 30 mai d\u00e8s 15h, sur la place de l&#039;Albertine !","_seopress_robots_index":"","footnotes":""},"categories":[237],"tags":[401,118,823,790,198],"pays":[648,119],"class_list":["post-17281","post","type-post","status-publish","format-standard","has-post-thumbnail","hentry","category-action","tag-droit-a-la-sante","tag-gaza","tag-guerre","tag-justice","tag-soins-de-sante-publics","pays-belgique","pays-palestine"],"acf":[],"_links":{"self":[{"href":"https:\/\/www.vivasalud.be\/nl\/wp-json\/wp\/v2\/posts\/17281","targetHints":{"allow":["GET"]}}],"collection":[{"href":"https:\/\/www.vivasalud.be\/nl\/wp-json\/wp\/v2\/posts"}],"about":[{"href":"https:\/\/www.vivasalud.be\/nl\/wp-json\/wp\/v2\/types\/post"}],"author":[{"embeddable":true,"href":"https:\/\/www.vivasalud.be\/nl\/wp-json\/wp\/v2\/users\/15"}],"replies":[{"embeddable":true,"href":"https:\/\/www.vivasalud.be\/nl\/wp-json\/wp\/v2\/comments?post=17281"}],"version-history":[{"count":0,"href":"https:\/\/www.vivasalud.be\/nl\/wp-json\/wp\/v2\/posts\/17281\/revisions"}],"wp:featuredmedia":[{"embeddable":true,"href":"https:\/\/www.vivasalud.be\/nl\/wp-json\/wp\/v2\/media\/17287"}],"wp:attachment":[{"href":"https:\/\/www.vivasalud.be\/nl\/wp-json\/wp\/v2\/media?parent=17281"}],"wp:term":[{"taxonomy":"category","embeddable":true,"href":"https:\/\/www.vivasalud.be\/nl\/wp-json\/wp\/v2\/categories?post=17281"},{"taxonomy":"post_tag","embeddable":true,"href":"https:\/\/www.vivasalud.be\/nl\/wp-json\/wp\/v2\/tags?post=17281"},{"taxonomy":"pays","embeddable":true,"href":"https:\/\/www.vivasalud.be\/nl\/wp-json\/wp\/v2\/pays?post=17281"}],"curies":[{"name":"wp","href":"https:\/\/api.w.org\/{rel}","templated":true}]}}