{"id":1974,"date":"2019-11-25T16:01:26","date_gmt":"2019-11-25T16:01:26","guid":{"rendered":"https:\/\/www.vivasalud.be\/news\/mensenrechtenverdedigers-in-de-filipijnen-van-kwaad-naar-kwader\/"},"modified":"2020-02-27T11:19:21","modified_gmt":"2020-02-27T10:19:21","slug":"defenseurs-des-droits-humains-aux-philippines","status":"publish","type":"post","link":"https:\/\/www.vivasalud.be\/nl\/blog\/2019\/11\/25\/defenseurs-des-droits-humains-aux-philippines\/","title":{"rendered":"D\u00e9fenseurs des droits humains aux Philippines :&shy; de mal en pis"},"content":{"rendered":"<p>Les Philippines n&rsquo;ont pas la r\u00e9putation d&rsquo;un havre de paix pour\nles d\u00e9fenseurs des droits humains. Et la situation n&rsquo;a fait que se\nd\u00e9teriorer encore au cours des derni\u00e8res semaines. Heureusement, de\ncourageux changemakers sont toujours l\u00e0 pour d\u00e9fendre les droits du\npeuple.<\/p>\n\n\n\n<blockquote class=\"wp-block-quote is-layout-flow wp-block-quote-is-layout-flow\"><p>L&rsquo;accent mis sur la violence s&rsquo;est progressivement d\u00e9plac\u00e9 vers la violence et une r\u00e9pression aveugle \u00e0 l&rsquo;encontre des organisations sociales qui d\u00e9fendent les droits d\u00e9mocratiques du peuple<\/p><\/blockquote>\n\n\n\n<h2 class=\"wp-block-heading\">De mal en pis<\/h2>\n\n\n\n<p>&nbsp;Depuis l&rsquo;arriv\u00e9e au pouvoir en 2016 de l&rsquo;actuel pr\u00e9sident\nRodrigo Duterte, la situation des droits humains s&rsquo;est d\u00e9grad\u00e9e. Il\ny a sa \u2018guerre violente contre la drogue\u2019 qui a d\u00e9j\u00e0 fait\n13.000 morts.<\/p>\n\n\n\n<p>Il s&rsquo;agit surtout de personnes innocentes ou de petits criminels\ntandis que les grands gangsters ne sont pas touch\u00e9s. Et par\nailleurs, l&rsquo;accent mis sur la violence s&rsquo;est progressivement d\u00e9plac\u00e9\nvers la violence et une r\u00e9pression aveugle \u00e0 l&rsquo;encontre des\norganisations sociales qui d\u00e9fendent les droits d\u00e9mocratiques du\npeuple.<\/p>\n\n\n\n<p>Au cours des derni\u00e8res semaines, nous avons pu constater une\nescalade de la r\u00e9pression et des menaces \u00e0 l&rsquo;encontre\nd&rsquo;organisations populaires et de mouvements sociaux. Le 31 octobre,\n57 personnes ont \u00e9t\u00e9 arr\u00eat\u00e9es lors de perquisitions dans les\nlocaux des syndicats et des organisations sociales de la ville de\nBacolod, sur l&rsquo;\u00eele de Negros. Parmi eux, il y avait 14 mineurs et 21\ntravailleurs licenci\u00e9s d&rsquo;une compagnie de transport : ils se\ntrouvaient par hasard dans les bureaux du syndicat KMU pour discuter\nde leur conflit avec leur direction.<\/p>\n\n\n\n<p>Quelques jours plus tard, le 5 novembre, c&rsquo;\u00e9tait au tour d&rsquo;un\nlocal de l&rsquo;organisation sociale BAYAN \u00e0 Manille. La police y a fait\nirruption en pleine nuit, \u00e0 la recherche d&rsquo;armes et d&rsquo;explosifs.\nTrois activistes qui se trouvaient sur place ont \u00e9t\u00e9 arr\u00eat\u00e9s.\nTant \u00e0 Bacolod qu&rsquo;\u00e0 Manille, les perquisitions ont \u00e9t\u00e9 ordonn\u00e9es\npar le m\u00eame juge, qui a annonc\u00e9 \u00e0 l&rsquo;avance quels types d&rsquo;armes on\ny trouverait. Les organisations des droits humains soup\u00e7onnent la\npolice d&rsquo;avoir apport\u00e9 sur place les armes qui y ont \u00e9t\u00e9\ntrouv\u00e9es.&nbsp;<\/p>\n\n\n\n<h2 class=\"wp-block-heading\">Tous communistes, tous terroristes<\/h2>\n\n\n\n<p>&nbsp;Des personnes qui d\u00e9fendent les droits humains sont elles\naussi en danger. Honey Mae Suazo, ancienne directrice r\u00e9gionale de\nl&rsquo;organisation des droits humains Karapatan, a disparu le 2 novembre\nsur l&rsquo;\u00eele de Mindanao. Depuis, on n&rsquo;a plus de nouvelles \u00e0 son\nsujet. Deux jours plus tard, le dirigeant syndical Rey Malaborbor a\n\u00e9t\u00e9 assassin\u00e9 devant sa maison dans la province de Laguna, non\nloin de Manille.<\/p>\n\n\n\n<p>Tout cela se passe dans une atmosph\u00e8re de suspicion \u00e0 l&rsquo;\u00e9gard\ndes organisations sociales. La plus haute direction de l&rsquo;arm\u00e9e les\nd\u00e9crit comme des organisations d&rsquo;avant-garde des \u201cgroupes\nterroristes communistes\u201d. Le 5 novembre, le g\u00e9n\u00e9ral Basiao a\nencore fait une pr\u00e9sentation au sein de la commission d\u00e9fense du\nparlement lors de laquelle il a accus\u00e9 18 organisations philippines\nd&rsquo;\u00eatre l&rsquo;avant-garde de \u201cgroupes communistes terroristes\u201d. Il\nparlait entre autres de la coupole des \u00e9glises protestantes et de\ndiff\u00e9rentes organisations de d\u00e9veloppement.<\/p>\n\n\n\n<p>Il a \u00e9galement montr\u00e9 une liste de 31 organisations\ninternationales suppos\u00e9es financer ces groupes, dont m\u00eame le\nEuropean Instrument for Democracy and Human Rights, une ligne\nbudg\u00e9taire de la Commission europ\u00e9enne, Oxfam International et\ndiff\u00e9rentes sections de Caritas. Il semble bien que toute forme de\nd\u00e9fense des plus pauvres s&rsquo;apparente \u00e0 un soutien des communistes\net des terroristes.<\/p>\n\n\n\n<p>C&rsquo;est aussi pour cette raison que nous menons depuis cet \u00e9t\u00e9 une\ncampagne autour de l&rsquo;affaire Rachel Mariano, une collaboratrice de\nl&rsquo;aide au d\u00e9veloppement au sein d&rsquo;une organisation de sant\u00e9, qui a\n\u00e9t\u00e9 \u00e9galement accus\u00e9e d&rsquo;appartenir \u00e0 une organisation arm\u00e9e\ncommuniste. En septembre, elle a \u00e9t\u00e9 lib\u00e9r\u00e9e pour absence de\npreuves. Et qui a \u00e9t\u00e9 assassin\u00e9 quelques semaines plus tard, le\njour m\u00eame o\u00f9 le g\u00e9n\u00e9ral Basiao parlait devant la commission de la\nChambre ? Le juge qui a fait lib\u00e9rer Rachel.<\/p>\n\n\n\n<h2 class=\"wp-block-heading\">De courageux d\u00e9fenseurs des droits humains&nbsp;<\/h2>\n\n\n\n<p>Il va de soi que ce climat de peur exerce une influence sur le\ntravail des organisations sociales dans le pays. Mais malgr\u00e9 cela,\nelles sont nombreuses \u00e0 ne pas se laisser impressionner. Les gens\nsont de plus en plus en col\u00e8re. On ne peut qu&rsquo;admirer leur courage.<\/p>\n\n\n\n<p>L&rsquo;une de ces organisations courageuses est l&rsquo;organisation des\ndroits humains Karapatan, que nous soutenons depuis des ann\u00e9es \u00e0\nViva Salud. Karapatan, qui veut dire \u201cdroit\u201d et est dirig\u00e9\nactuellement par Cristine \u201cTinay\u201d Palabay, a \u00e9t\u00e9 cr\u00e9\u00e9 en 1995\net compte aujourd&rsquo;hui 40 organisations membres et 16 sections\nr\u00e9gionales \u00e0 travers tout le pays. Elles est reconnu aujourd&rsquo;hui\ncomme une organisation \u00e0 l&rsquo;avant-garde de la d\u00e9fense des droits\nhumains aux Philippines, et ce tant au sein du pays qu&rsquo;\u00e0 l&rsquo;\u00e9tranger.<\/p>\n\n\n\n<p>&nbsp;Aux c\u00f4t\u00e9s de l&rsquo;organisation de femmes Gabriela, elle aussi\npartenaire de Viva Salud, Karapatan a lanc\u00e9 une campagne\n#TogetherWeDefend. Le but est d&rsquo;encourager tous les d\u00e9fenseurs des\ndroits humains. Leur travail reste d&rsquo;une grande importance, encore\nplus dans ce contexte difficile. Et c&rsquo;est bien ce message que nous\nsouhaitons faire passer ici en Belgique : #OnlyFightersWin<\/p>","protected":false},"excerpt":{"rendered":"<p>Les Philippines n&rsquo;ont pas la r\u00e9putation d&rsquo;un havre de paix pour les d\u00e9fenseurs des droits humains. Et la situation n&rsquo;a fait que se d\u00e9teriorer encore au cours des derni\u00e8res semaines. Heureusement, de courageux changemakers sont toujours l\u00e0 pour d\u00e9fendre les droits du peuple.<\/p>","protected":false},"author":15,"featured_media":1279,"comment_status":"open","ping_status":"open","sticky":false,"template":"","format":"standard","meta":{"_acf_changed":false,"_seopress_robots_primary_cat":"","_seopress_titles_title":"","_seopress_titles_desc":"","_seopress_robots_index":"","footnotes":""},"categories":[1],"tags":[],"pays":[],"class_list":["post-1974","post","type-post","status-publish","format-standard","has-post-thumbnail","hentry","category-geen-onderdeel-van-een-categorie"],"acf":[],"_links":{"self":[{"href":"https:\/\/www.vivasalud.be\/nl\/wp-json\/wp\/v2\/posts\/1974","targetHints":{"allow":["GET"]}}],"collection":[{"href":"https:\/\/www.vivasalud.be\/nl\/wp-json\/wp\/v2\/posts"}],"about":[{"href":"https:\/\/www.vivasalud.be\/nl\/wp-json\/wp\/v2\/types\/post"}],"author":[{"embeddable":true,"href":"https:\/\/www.vivasalud.be\/nl\/wp-json\/wp\/v2\/users\/15"}],"replies":[{"embeddable":true,"href":"https:\/\/www.vivasalud.be\/nl\/wp-json\/wp\/v2\/comments?post=1974"}],"version-history":[{"count":0,"href":"https:\/\/www.vivasalud.be\/nl\/wp-json\/wp\/v2\/posts\/1974\/revisions"}],"wp:featuredmedia":[{"embeddable":true,"href":"https:\/\/www.vivasalud.be\/nl\/wp-json\/wp\/v2\/media\/1279"}],"wp:attachment":[{"href":"https:\/\/www.vivasalud.be\/nl\/wp-json\/wp\/v2\/media?parent=1974"}],"wp:term":[{"taxonomy":"category","embeddable":true,"href":"https:\/\/www.vivasalud.be\/nl\/wp-json\/wp\/v2\/categories?post=1974"},{"taxonomy":"post_tag","embeddable":true,"href":"https:\/\/www.vivasalud.be\/nl\/wp-json\/wp\/v2\/tags?post=1974"},{"taxonomy":"pays","embeddable":true,"href":"https:\/\/www.vivasalud.be\/nl\/wp-json\/wp\/v2\/pays?post=1974"}],"curies":[{"name":"wp","href":"https:\/\/api.w.org\/{rel}","templated":true}]}}