{"id":3777,"date":"2020-04-02T14:01:44","date_gmt":"2020-04-02T12:01:44","guid":{"rendered":"https:\/\/www.vivasalud.be\/de-strijd-tegen-corona-in-congo\/"},"modified":"2020-04-27T11:40:39","modified_gmt":"2020-04-27T09:40:39","slug":"la-lutte-contre-le-corona-au-congo","status":"publish","type":"post","link":"https:\/\/www.vivasalud.be\/nl\/blog\/2020\/04\/02\/la-lutte-contre-le-corona-au-congo\/","title":{"rendered":"La lutte contre le corona au Congo"},"content":{"rendered":"<p>Bien que le continent africain semblait quelque peu \u00e9pargn\u00e9 par le coronavirus, des cas de contamination et des d\u00e9c\u00e8s sont finalement \u00e0 d\u00e9plorer \u00e9galement \u00e0 Kinshasa. Le gouvernement a d\u00e9cr\u00e9t\u00e9 l\u2019\u00e9tat d\u2019urgence sanitaire et le confinement de la capitale.<\/p>\n\n\n\n<p>Il est difficile de pr\u00e9voir comment la situation va \u00e9voluer au Congo, mais une chose est s\u00fbre : si l&rsquo;\u00e9pid\u00e9mie \u00e9clate dans le pays, ce sera un v\u00e9ritable d\u00e9sastre car le syst\u00e8me de sant\u00e9 est compl\u00e8tement d\u00e9faillant et manque cruellement de personnel de sant\u00e9 et d\u2019\u00e9quipements.<br><br>Pour s\u2019en sortir, le pays n\u2019a d\u2019autre choix que de tout miser sur la pr\u00e9vention. Nos partenaires Etoile du Sud et Codic peuvent s\u2019appuyer sur l\u2019exp\u00e9rience qu\u2019ils ont acquise dans la lutte contre Ebola. Ils se sont distingu\u00e9s par leur expertise pour sensibiliser et mobiliser la population, tout en luttant contre les rumeurs et fausses informations qui circulaient.<br><br>Nos partenaires sont conscients qu\u2019il n\u2019y a pas une minute \u00e0 perdre. Ils suivent la situation de pr\u00e8s et s\u2018activent en ce moment \u00e0 organiser leurs militants de la sant\u00e9. Gr\u00e2ce aux m\u00e9dias sociaux, ils pr\u00e9parent leurs antennes dans les diff\u00e9rentes provinces et \u00e9laborent des messages clairs de pr\u00e9vention qui seront diffus\u00e9s par du porte \u00e0 porte. Ils tentent \u00e9galement de rassembler des moyens ad\u00e9quats de protection pour leurs militants.<br><br>Enfin, une fois de plus, ils rappellent aux autorit\u00e9s l\u2019importance vitale d\u2019assurer un acc\u00e8s aux services et infrastructures de base pour la population. Car comment lutter contre le covid-19 lorsque l\u2019on n\u2019a pas acc\u00e8s \u00e0 l\u2019eau ?<\/p>\n\n\n\n<figure class=\"wp-block-embed-youtube wp-block-embed is-type-video is-provider-youtube wp-embed-aspect-16-9 wp-has-aspect-ratio\"><div class=\"wp-block-embed__wrapper\">\n<iframe title=\"Etoile du Sud organise la riposte contre le COVID 19 | Etoile du Sud in actie tegen Covid-19\" width=\"800\" height=\"450\" src=\"https:\/\/www.youtube.com\/embed\/c6SjFaoOJlY?feature=oembed\" frameborder=\"0\" allow=\"accelerometer; autoplay; clipboard-write; encrypted-media; gyroscope; picture-in-picture; web-share\" referrerpolicy=\"strict-origin-when-cross-origin\" allowfullscreen><\/iframe>\n<\/div><figcaption><em>L&rsquo;Etoile du Sud lance une campagne contre la propagation du coronavirus<\/em><\/figcaption><\/figure>\n\n\n\n<div style=\"height:26px\" aria-hidden=\"true\" class=\"wp-block-spacer\"><\/div>\n\n\n\n<h2 class=\"wp-block-heading\"><strong>Wat kun je doen?<\/strong><\/h2>\n\n\n\n<div style=\"height:33px\" aria-hidden=\"true\" class=\"wp-block-spacer\"><\/div>\n\n\n\n<h3 class=\"wp-block-heading\"><strong>Volg onze zorgverleners via WhatsApp<\/strong><\/h3>\n\n\n\n<div style=\"height:20px\" aria-hidden=\"true\" class=\"wp-block-spacer\"><\/div>\n\n\n\n<p>1. Voeg Viva Salud toe aan je contacten op je smartphone met het nummer 0470 82 72 22.<br>2. Stuur ons een bericht met je naam en \u201cik schrijf me in\u201d.\u201d<br>3. We houden je op de hoogte.<\/p>\n\n\n\n<div style=\"height:29px\" aria-hidden=\"true\" class=\"wp-block-spacer\"><\/div>\n\n\n\n<h3 class=\"wp-block-heading\"><strong>Steun de strijd van onze partners met een donatie<\/strong><\/h3>\n\n\n\n<div style=\"height:20px\" aria-hidden=\"true\" class=\"wp-block-spacer\"><\/div>\n\n\n\n<div class=\"wp-block-buttons is-layout-flex wp-block-buttons-is-layout-flex\">\n<div class=\"wp-block-button\"><a class=\"wp-block-button__link\" href=\"https:\/\/actions.vivasalud.be\/1b6sqgia0ooo\" target=\"_blank\" rel=\"noreferrer noopener\">Doe een gift<\/a><\/div>\n<\/div>\n\n\n\n<p>Je kunt ook geld overmaken naar het rekeningnummer van<br>Viva Salud: <strong>BE15 0010 4517 8030 <\/strong>| BIC: GEBABEBB, met de mededeling \u2018donatie voor de strijd tegen corona\u2019.<\/p>\n\n\n\n<div style=\"height:28px\" aria-hidden=\"true\" class=\"wp-block-spacer\"><\/div>\n\n\n\n<h3 class=\"wp-block-heading\"><strong>Steun de strijd van onze partners met een maandelijkse donatie<\/strong><\/h3>\n\n\n\n<div style=\"height:20px\" aria-hidden=\"true\" class=\"wp-block-spacer\"><\/div>\n\n\n\n<div class=\"wp-block-buttons is-layout-flex wp-block-buttons-is-layout-flex\">\n<div class=\"wp-block-button\"><a class=\"wp-block-button__link\" href=\"https:\/\/www.vivasalud.be\/fr\/je-soutiens-mensuellement\/\" target=\"_blank\" rel=\"noreferrer noopener\">Word een bondgenoot<\/a><\/div>\n<\/div>\n\n\n\n<div style=\"height:26px\" aria-hidden=\"true\" class=\"wp-block-spacer\"><\/div>\n\n\n\n<h3 class=\"wp-block-heading\">Doe mee aan de campagne<\/h3>\n\n\n\n<div style=\"height:20px\" aria-hidden=\"true\" class=\"wp-block-spacer\"><\/div>\n\n\n\n<p>Check onze campagne \u00abSteun de wereldwijde strijd tegen corona\u00bb:<\/p>\n\n\n\n<ul class=\"wp-block-list\"><li>hoe onze partners het coronavirus aanpakken<\/li><li>wat je kunt doen<\/li><li>waarom een sterk openbaar gezondheidszorgsysteem nodig is<\/li><\/ul>\n\n\n\n<div class=\"wp-block-buttons is-layout-flex wp-block-buttons-is-layout-flex\">\n<div class=\"wp-block-button\"><a class=\"wp-block-button__link\" href=\"https:\/\/www.vivasalud.be\/fr\/en-action\/participez-a-nos-campagnes\/soutenez-la-lutte-contre-le-corona-mondialement\/\" target=\"_blank\" rel=\"noreferrer noopener\">Check de campagne uit<\/a><\/div>\n<\/div>","protected":false},"excerpt":{"rendered":"<p>Bien que le continent africain semblait quelque peu \u00e9pargn\u00e9 par le coronavirus, des cas de contamination et des d\u00e9c\u00e8s sont finalement \u00e0 d\u00e9plorer \u00e9galement \u00e0 Kinshasa. Le gouvernement a d\u00e9cr\u00e9t\u00e9 l\u2019\u00e9tat d\u2019urgence sanitaire et le confinement de la capitale.<\/p>","protected":false},"author":15,"featured_media":3774,"comment_status":"closed","ping_status":"open","sticky":false,"template":"","format":"standard","meta":{"_acf_changed":false,"_seopress_robots_primary_cat":"","_seopress_titles_title":"","_seopress_titles_desc":"","_seopress_robots_index":"","footnotes":""},"categories":[1],"tags":[107,235,196,120,106,236],"pays":[892],"class_list":["post-3777","post","type-post","status-publish","format-standard","has-post-thumbnail","hentry","category-geen-onderdeel-van-een-categorie","tag-codic","tag-coronavirus-2-fr","tag-covid-19-fr","tag-eau","tag-etoile-du-sud","tag-water-fr","pays-rd-congo"],"acf":[],"_links":{"self":[{"href":"https:\/\/www.vivasalud.be\/nl\/wp-json\/wp\/v2\/posts\/3777","targetHints":{"allow":["GET"]}}],"collection":[{"href":"https:\/\/www.vivasalud.be\/nl\/wp-json\/wp\/v2\/posts"}],"about":[{"href":"https:\/\/www.vivasalud.be\/nl\/wp-json\/wp\/v2\/types\/post"}],"author":[{"embeddable":true,"href":"https:\/\/www.vivasalud.be\/nl\/wp-json\/wp\/v2\/users\/15"}],"replies":[{"embeddable":true,"href":"https:\/\/www.vivasalud.be\/nl\/wp-json\/wp\/v2\/comments?post=3777"}],"version-history":[{"count":0,"href":"https:\/\/www.vivasalud.be\/nl\/wp-json\/wp\/v2\/posts\/3777\/revisions"}],"wp:featuredmedia":[{"embeddable":true,"href":"https:\/\/www.vivasalud.be\/nl\/wp-json\/wp\/v2\/media\/3774"}],"wp:attachment":[{"href":"https:\/\/www.vivasalud.be\/nl\/wp-json\/wp\/v2\/media?parent=3777"}],"wp:term":[{"taxonomy":"category","embeddable":true,"href":"https:\/\/www.vivasalud.be\/nl\/wp-json\/wp\/v2\/categories?post=3777"},{"taxonomy":"post_tag","embeddable":true,"href":"https:\/\/www.vivasalud.be\/nl\/wp-json\/wp\/v2\/tags?post=3777"},{"taxonomy":"pays","embeddable":true,"href":"https:\/\/www.vivasalud.be\/nl\/wp-json\/wp\/v2\/pays?post=3777"}],"curies":[{"name":"wp","href":"https:\/\/api.w.org\/{rel}","templated":true}]}}