{"id":3846,"date":"2020-04-03T16:35:58","date_gmt":"2020-04-03T14:35:58","guid":{"rendered":"https:\/\/www.vivasalud.be\/?p=3846"},"modified":"2020-04-16T11:47:21","modified_gmt":"2020-04-16T09:47:21","slug":"propageons-la-solidarite-internationale-sur-facebook-aussi","status":"publish","type":"post","link":"https:\/\/www.vivasalud.be\/nl\/blog\/2020\/04\/03\/propageons-la-solidarite-internationale-sur-facebook-aussi\/","title":{"rendered":"Propageons la solidarit\u00e9 internationale: sur Facebook aussi!"},"content":{"rendered":"<p>Le coronavirus ne conna\u00eet pas de fronti\u00e8res. Opposons-lui autre chose : la solidarit\u00e9 sans fronti\u00e8res. Tout simplement : propageons la solidarit\u00e9, pas le virus !<\/p>\n\n\n\n<p>Encouragez les personnels soignants du monde entier et laissez libre cours \u00e0 votre cr\u00e9ativit\u00e9 (ou \u00e0 celle de vos enfants), avec un dessin ou une action online. Partagez votre action dans un tout nouveau groupe Facebook et aidez ainsi le virus de la solidarit\u00e9 \u00e0 se propager ! Nous pourrons nous inspirer ainsi les uns les autres et \u00eatre solidaires du personnel de la sant\u00e9 en Belgique, en Italie, et aussi en Palestine, au Congo, \u00e0 Cuba et aux Philippines.<\/p>\n\n\n\n<p>Vous \u00eates toutes et tous les bienvenu.e.s dans notre groupe si vous souhaitez en faire partie ou \u00eatre inform\u00e9s des actions de solidarit\u00e9 de par le monde, dans nos pays partenaires comme ailleurs. Vous pouvez vous faire membre et inviter d\u2019autres personnes <a href=\"https:\/\/www.facebook.com\/groups\/870615903363824\/\" target=\"_blank\" rel=\"noreferrer noopener\">via deze link<\/a>. <\/p>\n\n\n\n<div class=\"wp-block-buttons is-layout-flex wp-block-buttons-is-layout-flex\">\n<div class=\"wp-block-button\"><a class=\"wp-block-button__link\" href=\"https:\/\/www.facebook.com\/groups\/870615903363824\/\" target=\"_blank\" rel=\"noreferrer noopener\">Ik schrijf me in<\/a><\/div>\n<\/div>","protected":false},"excerpt":{"rendered":"<p>Le coronavirus ne conna\u00eet pas de fronti\u00e8res. Opposons-lui autre chose : la solidarit\u00e9 sans fronti\u00e8res. Tout simplement : propageons la solidarit\u00e9, pas le virus ! Dans notre nouveau groupe Facebook.<\/p>","protected":false},"author":15,"featured_media":4014,"comment_status":"closed","ping_status":"open","sticky":false,"template":"","format":"standard","meta":{"_acf_changed":false,"_seopress_robots_primary_cat":"","_seopress_titles_title":"","_seopress_titles_desc":"","_seopress_robots_index":"","footnotes":""},"categories":[237],"tags":[],"pays":[],"class_list":["post-3846","post","type-post","status-publish","format-standard","has-post-thumbnail","hentry","category-action"],"acf":[],"_links":{"self":[{"href":"https:\/\/www.vivasalud.be\/nl\/wp-json\/wp\/v2\/posts\/3846","targetHints":{"allow":["GET"]}}],"collection":[{"href":"https:\/\/www.vivasalud.be\/nl\/wp-json\/wp\/v2\/posts"}],"about":[{"href":"https:\/\/www.vivasalud.be\/nl\/wp-json\/wp\/v2\/types\/post"}],"author":[{"embeddable":true,"href":"https:\/\/www.vivasalud.be\/nl\/wp-json\/wp\/v2\/users\/15"}],"replies":[{"embeddable":true,"href":"https:\/\/www.vivasalud.be\/nl\/wp-json\/wp\/v2\/comments?post=3846"}],"version-history":[{"count":0,"href":"https:\/\/www.vivasalud.be\/nl\/wp-json\/wp\/v2\/posts\/3846\/revisions"}],"wp:featuredmedia":[{"embeddable":true,"href":"https:\/\/www.vivasalud.be\/nl\/wp-json\/wp\/v2\/media\/4014"}],"wp:attachment":[{"href":"https:\/\/www.vivasalud.be\/nl\/wp-json\/wp\/v2\/media?parent=3846"}],"wp:term":[{"taxonomy":"category","embeddable":true,"href":"https:\/\/www.vivasalud.be\/nl\/wp-json\/wp\/v2\/categories?post=3846"},{"taxonomy":"post_tag","embeddable":true,"href":"https:\/\/www.vivasalud.be\/nl\/wp-json\/wp\/v2\/tags?post=3846"},{"taxonomy":"pays","embeddable":true,"href":"https:\/\/www.vivasalud.be\/nl\/wp-json\/wp\/v2\/pays?post=3846"}],"curies":[{"name":"wp","href":"https:\/\/api.w.org\/{rel}","templated":true}]}}