{"id":6130,"date":"2020-12-10T10:28:09","date_gmt":"2020-12-10T09:28:09","guid":{"rendered":"https:\/\/www.vivasalud.be\/defendthedefenders-meer-dan-50-sociale-organisaties-trekken-aan-de-alarmbel\/"},"modified":"2021-11-09T10:16:50","modified_gmt":"2021-11-09T09:16:50","slug":"defendthedefenders-plus-de-50-organisations-sociales-tirent-la-sonnette-d-alarme","status":"publish","type":"post","link":"https:\/\/www.vivasalud.be\/nl\/blog\/2020\/12\/10\/defendthedefenders-plus-de-50-organisations-sociales-tirent-la-sonnette-d-alarme\/","title":{"rendered":"#DefendTheDefenders : plus de 50 organisations sociales tirent la sonnette d&rsquo;alarme"},"content":{"rendered":"<p><strong><strong>Le 10 d\u00e9cembre, Journ\u00e9e internationale des droits humains, nous tirons la sonnette d&rsquo;alarme avec plus de 50 organisations et 300 citoyen.ne&nbsp;.s. Dans le monde entier, les mouvements sociaux et les d\u00e9fenseur.e.s des droits humains sont menac\u00e9.e.s. Une tendance qui dure depuis des ann\u00e9es, mais qui est exacerb\u00e9e par la pand\u00e9mie. Les militants sont victimes d&rsquo;intimidation, de harc\u00e8lement, de fausses accusations, d&rsquo;arrestations ill\u00e9gales, d&rsquo;enl\u00e8vements et m\u00eame de meurtres.<\/strong><\/strong><\/p>\n\n\n\n<h2 class=\"wp-block-heading\"><strong>Les d\u00e9fenseur.e.s des droits humains et les mouvements sociaux sont sous pression<\/strong><\/h2>\n\n\n\n<p><strong>Bernardo Caal Xol, du Guatemala<\/strong>, a \u00e9t\u00e9 arr\u00eat\u00e9 il y a plus de deux ans dans sa r\u00e9gion natale de Cob\u00e1n. Des multinationales, entre autres espagnoles, sont en train de construire des barrages dans cette r\u00e9gion, s\u2019appropriant ainsi des terres et polluant l\u2019environnement. En outre, les multinationales ont d\u00e9tourn\u00e9 l\u2019eau de sorte que les villages sont confront\u00e9s \u00e0 des p\u00e9nuries d\u2019eau. Bernardo a organis\u00e9 les communaut\u00e9s indig\u00e8nes locales et a, pour cette raison, \u00e9t\u00e9 condamn\u00e9 \u00e0 7 ans et 4 mois de prison.<\/p>\n\n\n\n<p>Dans le <strong>Honduras<\/strong> voisin, se battre pour prot\u00e9ger l\u2019environnement vous met en danger de mort. Ce pays est l\u2019un des plus dangereux pour les activistes de l\u2019environnement. D\u2019apr\u00e8s Global Witness, plus de 120 militant.e.s ont \u00e9t\u00e9 assassin\u00e9.e.s depuis 2010, tandis que d\u2019autres sont en prison. <strong>Huit militant.e.s du village du Guapinol<\/strong> sont d\u00e9tenu.e.s depuis 2015 en raison de leur opposition \u00e0 deux entreprises mini\u00e8res qui empoisonnent les sources d\u2019eau pour des milliers de personnes.<\/p>\n\n\n\n<p><strong>La Colombie<\/strong> est le pays le plus dangereux au monde pour les syndicalistes et les militant.e.s des droits humains. En octobre, <strong>Jayder Quintana<\/strong>, militant syndical et d\u00e9fenseur des droits humains, \u00e2g\u00e9 de 18 ans, a \u00e9t\u00e9 assassin\u00e9. Il \u00e9tait membre du syndicat Fensuagro. Depuis la signature de l\u2019accord de paix en 2016 entre le gouvernement colombien et la FARC, plus de 1000 militant.e.s ont \u00e9t\u00e9 assassin\u00e9.e.s.<\/p>\n\n\n\n<p><strong>Aux Philippines, Zara Alvarez <\/strong>\u00e9tait une militante pour le droit \u00e0 la sant\u00e9 et les droits humains. Le 17 ao\u00fbt 2020, Zara a \u00e9t\u00e9 assassin\u00e9e brutalement en raison de son engagement dans sa communaut\u00e9. Plusieurs ONG belges ont fait part de cette affaire \u00e0 l\u2019ambassadeur des Philippines. Sans la moindre r\u00e9action \u00e0 ce jour.<\/p>\n\n\n\n<p><strong>Thierry Bodson<\/strong>, le pr\u00e9sident de la FGTB, et <strong>seize autres syndicalistes<\/strong> ont \u00e9t\u00e9 condamn\u00e9s le lundi 23 novembre pour \u00ab entrave m\u00e9chante \u00e0 la circulation \u00bb \u00e0 des peines de prison avec sursis et des amendes allant de 600 \u00e0 4.800 euros par le tribunal correctionnel de Li\u00e8ge. Apr\u00e8s la condamnation du pr\u00e9sident de la FGTB Anvers <strong>Bruno Verlaeckt<\/strong> il y a deux ans, cette nouvelle condamnation de syndicalistes est extr\u00eamement pr\u00e9occupante. Elle mets en p\u00e9ril l\u2019action sociale, le droit de gr\u00e8ve et le droit de faire un piquet de gr\u00e8ve. Stop \u00e0 la criminalisation des mouvements sociaux.<\/p>\n\n\n\n<h2 class=\"wp-block-heading\">Open brief<\/h2>\n\n\n\n<p>Nous avons envoy\u00e9 <a href=\"https:\/\/defendthedefenders2020.wordpress.com\/2020\/11\/19\/carte-blanche\/\" target=\"_blank\" rel=\"noreferrer noopener\">une lettre ouverte<\/a> au ministre de l&rsquo;int\u00e9rieur et des affaires \u00e9trang\u00e8res avec des demandes claires. Nous demandons la protection des mouvements sociaux et exigeons que la Belgique m\u00e8ne une politique \u00e9trang\u00e8re coh\u00e9rente en ce qui concerne la protection des droits humains.<\/p>\n\n\n\n<p>Plus de 300 citoyen.ne.s renforcent les demandes dans <a href=\"https:\/\/www.youtube.com\/watch?v=4HKxgU8qdRc\" target=\"_blank\" rel=\"noreferrer noopener\">une vid\u00e9o<\/a><\/p>\n\n\n\n<div class=\"wp-block-buttons is-layout-flex wp-block-buttons-is-layout-flex\">\n<div class=\"wp-block-button\"><a class=\"wp-block-button__link\" href=\"https:\/\/defendthedefenders2020.wordpress.com\/\"><strong><span class=\"has-inline-color has-white-color\">&gt; <\/span>Plus d&rsquo;infos<\/strong><\/a><\/div>\n<\/div>","protected":false},"excerpt":{"rendered":"<p>Le 10 d\u00e9cembre, Journ\u00e9e internationale des droits humains, nous tirons la sonnette d&rsquo;alarme avec plus de 50 organisations et 300 citoyen.ne.s . Nous demandons la protection des mouvements sociaux et exigeons que la Belgique m\u00e8ne une politique \u00e9trang\u00e8re coh\u00e9rente en ce qui concerne la protection des droits humains.<\/p>","protected":false},"author":15,"featured_media":0,"comment_status":"closed","ping_status":"closed","sticky":false,"template":"","format":"video","meta":{"_acf_changed":false,"_seopress_robots_primary_cat":"","_seopress_titles_title":"","_seopress_titles_desc":"Le 10 d\u00e9cembre, Journ\u00e9e internationale des droits humains, nous tirons la sonnette d&#039;alarme avec plus de 50 organisations et 300 citoyen.ne.s . Nous demandons Nous demandons la protection des mouvements sociaux et exigeons que la Belgique m\u00e8ne une politique \u00e9trang\u00e8re coh\u00e9rente en ce qui concerne la protection des droits humains.","_seopress_robots_index":"","footnotes":""},"categories":[237],"tags":[368,176,337],"pays":[],"class_list":["post-6130","post","type-post","status-publish","format-video","hentry","category-action","tag-defend-the-defenders-fr","tag-droits-humains","tag-mouvements-sociaux","post_format-post-format-video"],"acf":[],"_links":{"self":[{"href":"https:\/\/www.vivasalud.be\/nl\/wp-json\/wp\/v2\/posts\/6130","targetHints":{"allow":["GET"]}}],"collection":[{"href":"https:\/\/www.vivasalud.be\/nl\/wp-json\/wp\/v2\/posts"}],"about":[{"href":"https:\/\/www.vivasalud.be\/nl\/wp-json\/wp\/v2\/types\/post"}],"author":[{"embeddable":true,"href":"https:\/\/www.vivasalud.be\/nl\/wp-json\/wp\/v2\/users\/15"}],"replies":[{"embeddable":true,"href":"https:\/\/www.vivasalud.be\/nl\/wp-json\/wp\/v2\/comments?post=6130"}],"version-history":[{"count":0,"href":"https:\/\/www.vivasalud.be\/nl\/wp-json\/wp\/v2\/posts\/6130\/revisions"}],"wp:attachment":[{"href":"https:\/\/www.vivasalud.be\/nl\/wp-json\/wp\/v2\/media?parent=6130"}],"wp:term":[{"taxonomy":"category","embeddable":true,"href":"https:\/\/www.vivasalud.be\/nl\/wp-json\/wp\/v2\/categories?post=6130"},{"taxonomy":"post_tag","embeddable":true,"href":"https:\/\/www.vivasalud.be\/nl\/wp-json\/wp\/v2\/tags?post=6130"},{"taxonomy":"pays","embeddable":true,"href":"https:\/\/www.vivasalud.be\/nl\/wp-json\/wp\/v2\/pays?post=6130"}],"curies":[{"name":"wp","href":"https:\/\/api.w.org\/{rel}","templated":true}]}}