{"id":6367,"date":"2021-01-19T10:14:58","date_gmt":"2021-01-19T09:14:58","guid":{"rendered":"https:\/\/www.vivasalud.be\/de-europese-commissie-kan-van-het-coronavaccin-een-echt-universeel-gemeenschappelijk-goed-maken\/"},"modified":"2021-02-11T14:11:28","modified_gmt":"2021-02-11T13:11:28","slug":"de-europese-commissie-kan-ervoor-zorgen-dat-vaccins-tegen-covid-19-echt-voor-iedereen-beschikbaar-zijn","status":"publish","type":"post","link":"https:\/\/www.vivasalud.be\/nl\/blog\/2021\/01\/19\/la-commission-europeenne-peut-faire-des-vaccins-anti-covid-un-vrai-bien-universel-et-commun\/","title":{"rendered":"De Europese Commissie kan COVID-vaccins echt voor iedereen beschikbaar maken."},"content":{"rendered":"\n<p><strong>Avec une large coalition de m\u00e9decins europ\u00e9ens, expert.e.s de la sant\u00e9, syndicats, mutualit\u00e9s, \u00e9tudiant.e.s et ONG, Viva Salud s&rsquo;engage \u00e0 chercher un million de signatures europ\u00e9ennes pour s\u2019assurer que la Commission europ\u00e9enne tienne sa promesse: les vaccins contre la COVID-19 doivent \u00eatre \u201cnotre bien universel commun\u201d. <strong>Avec cette carte blanche, plus que 50 expert.e.s belges expriment leur soutien pour cette initiative.<\/strong> Signerez-vous aussi cette initiative?<\/strong><\/p>\n\n\n\n<div class=\"wp-block-buttons is-layout-flex wp-block-buttons-is-layout-flex\">\n<div class=\"wp-block-button\"><a class=\"wp-block-button__link\" href=\"https:\/\/eci.ec.europa.eu\/015\/public\/#\/screen\/home\" target=\"_blank\" rel=\"noreferrer noopener\">&gt; <strong><span class=\"has-inline-color has-white-color\">Signez l&rsquo;initiative<\/span><\/strong><\/a><\/div>\n<\/div>\n\n\n\n<p><strong><em><strong><em>La liste compl\u00e8te des signataires se trouve ci-dessous<\/em><\/strong><\/em><\/strong><\/p>\n\n\n\n<p>En avril, <a href=\"https:\/\/ec.europa.eu\/commission\/presscorner\/detail\/en\/statement_20_741\"><u>la pr\u00e9sidente de la Commission europ\u00e9enne Ursula von der Leyen a d\u00e9clar\u00e9<\/u><\/a>&nbsp;que tout futur vaccin contre la COVID-19 devrait \u00eatre \u00ab\u00a0disponible dans tous les coins du monde [&#8230;] \u00e0 des prix abordables\u00a0\u00bb. Ce doit \u00eatre notre bien universel et commun\u00a0\u00bb. La Commission europ\u00e9enne a sembl\u00e9 joindre l&rsquo;acte \u00e0 la parole. Accompagn\u00e9e de certains \u00c9tats membres ainsi que de la Banque europ\u00e9enne d&rsquo;investissement, elle a recueilli pr\u00e8s de 12 milliards d&rsquo;euros pour faire progresser le d\u00e9veloppement des vaccins, tests et traitements COVID-19 et l&rsquo;\u00e9galit\u00e9 d&rsquo;acc\u00e8s \u00e0 ceux-ci.<\/p>\n\n\n\n<p>Gr\u00e2ce \u00e0 un travail scientifique impressionnant, les premiers programmes de vaccination ont \u00e9t\u00e9 lanc\u00e9s. Mais le chemin reste long. Actuellement, les entreprises pharmaceutiques fonctionnent selon un mod\u00e8le ax\u00e9 sur l\u2019exclusivit\u00e9 qui emp\u00eache la distribution rapide et abordable des vaccins hautement prioritaires. Contrairement \u00e0 ses propres promesses, la Commission europ\u00e9enne n&rsquo;a pas encore pris une seule mesure pour changer radicalement ce sc\u00e9nario.<\/p>\n\n\n\n<h2 class=\"wp-block-heading\"><strong>Comment sommes-nous pass\u00e9s de la solidarit\u00e9 universelle \u00e0 une s\u00e9gr\u00e9gation de la vaccination ?<\/strong><strong><\/strong><\/h2>\n\n\n\n<p>Malgr\u00e9 des millions obtenus via des investissements publics et profitant des recherches acad\u00e9miques, les entreprises pharmaceutiques sont autoris\u00e9es \u00e0 breveter les r\u00e9sultats de leurs recherches. Cela leur octroie un monopole sur le d\u00e9veloppement et la distribution du vaccin.<\/p>\n\n\n\n<p>Cependant, l&rsquo;\u00e9change des r\u00e9sultats de la recherche ne peut se faire que dans l&rsquo;int\u00e9r\u00eat g\u00e9n\u00e9ral : l\u2019efficacit\u00e9 des vaccins actuels s&rsquo;en trouverait am\u00e9lior\u00e9e, et la production et la distribution mondiales seraient beaucoup plus rapides. Une poign\u00e9e d&rsquo;entreprises ne peut pas approvisionner le monde entier.<\/p>\n\n\n\n<p>En raison de ces p\u00e9nuries, 9 personnes sur 10 dans les pays \u00e0 faible revenu ne seront pas vaccin\u00e9es cette ann\u00e9e, a calcul\u00e9 la <a href=\"https:\/\/www.oxfam.org\/fr\/communiques-presse\/dans-les-pays-pauvres-9-personnes-sur-10-nauront-pas-acces-au-vaccin-contre-la\"><u>People&rsquo;s Vaccine Alliance<\/u><\/a>. Dans nos pays \u00e9galement, des franges importantes de la population devront attendre l&rsquo;\u00e9t\u00e9 avant de pouvoir recevoir une injection. Outre les souffrances humaines que ce retard entra\u00eenera, il donnera au virus un temps suppl\u00e9mentaire pour se propager et muter.<\/p>\n\n\n\n<p>Heureusement, il existe des clauses au sein de l&rsquo;Organisation mondiale du commerce et du droit europ\u00e9en qui peuvent mettre de c\u00f4t\u00e9 le droit de propri\u00e9t\u00e9 intellectuelle en cas de crise sanitaire. La Commission europ\u00e9enne bloque n\u00e9anmoins syst\u00e9matiquement <a href=\"https:\/\/msfaccess.org\/governments-must-act-fast-consensus-supporting-historic-move-suspend-monopolies-during-pandemic\"><u>toute proposition internationale qui permettrait <\/u><\/a>un \u00e9change ouvert de technologies. Il est incompr\u00e9hensible que le partage public de donn\u00e9es et de r\u00e9sultats cliniques et l\u2019acc\u00e8s universel ne soient pas des conditions pour l&rsquo;utilisation des fonds publics.<\/p>\n\n\n\n<h2 class=\"wp-block-heading\"><strong>Des portes ferm\u00e9es<\/strong><strong><\/strong><\/h2>\n\n\n\n<p>Les n\u00e9gociations entre la Commission europ\u00e9enne et les entreprises pharmaceutiques se d\u00e9roulent de plus \u00e0 huis clos. M\u00eame les parlementaires \u00e9lu.es ne savent pas exactement combien nous allons payer par dose, quel est le montant d\u00e9j\u00e0 pay\u00e9 de la contribution publique et quelle est l&rsquo;efficacit\u00e9 exacte des vaccins approuv\u00e9s.<\/p>\n\n\n\n<p>L&rsquo;achat de produits m\u00e9dicaux n&rsquo;est pas soumis aux m\u00eames r\u00e8gles de transparence que toute autre forme de march\u00e9 public. Les calculs de prix du secteur pharmaceutique manquent notoirement de transparence et sont souvent davantage bas\u00e9s sur la \u00ab\u00a0volont\u00e9 de payer\u00a0\u00bb que sur les co\u00fbts de d\u00e9veloppement et de production. Gr\u00e2ce \u00e0 <a href=\"https:\/\/www.rtbf.be\/info\/belgique\/detail_la-n-va-veut-des-eclaircissements-sur-un-tweet-supprime-de-la-secretaire-d-etat-eva-de-bleeker-sur-le-prix-des-vaccins?id=10656625\"><u>la fuite involontaire de la secr\u00e9taire d\u2019\u00c9tat au budget De Bleeker<\/u><\/a>, nous savons maintenant que le prix par seringue varie entre 2 et 18 euros. Ce prix n&rsquo;inclut pas le paiement anticip\u00e9 de 2,45 milliards d&rsquo;euros effectu\u00e9 par l&rsquo;UE aux soci\u00e9t\u00e9s pharmaceutiques pour garantir son propre stock de vaccins.<\/p>\n\n\n\n<p>Prenons l&rsquo;exemple du vaccin Pfizer\/BioNTech, le premier vaccin \u00e0 recevoir une licence de vente europ\u00e9enne. Pfizer a re\u00e7u 546 millions de dollars de l&rsquo;UE et du gouvernement allemand pour financer sa recherche et le d\u00e9veloppement d&rsquo;un vaccin efficace contre la coronavirus. Pfizer facture d\u00e9sormais 15,50 euros par injection, dont deux sont n\u00e9cessaires. L\u2019entreprise a fi\u00e8rement annonc\u00e9 qu&rsquo;elle tirera <a href=\"https:\/\/edition.cnn.com\/2020\/12\/11\/business\/pfizer-vaccine-covid-moderna-revenue\/index.html\"><u>30 milliards de dollars de b\u00e9n\u00e9fices du vaccin Covid-19 d&rsquo;ici 2023<\/u><\/a>. En pleine pand\u00e9mie et crise \u00e9conomique, il n\u2019y a aucune raison de contribuer aux profits excessifs des actionnaires.<\/p>\n\n\n\n<h2 class=\"wp-block-heading\"><strong>Pas \u00e0 nouveau<\/strong><strong><\/strong><\/h2>\n\n\n\n<p>De nombreuses comparaisons ont \u00e9t\u00e9 faites avec d&rsquo;autres crises sanitaires. La crise du VIH est peut-\u00eatre l&rsquo;exemple le plus instructif et le plus troublant. Des millions de personnes sont mortes parce qu&rsquo;elles n&rsquo;avaient pas les moyens de se faire soigner.<a href=\"https:\/\/academic.oup.com\/jhrp\/article\/1\/1\/14\/2188684\"><u>&nbsp;La pression publique<\/u><\/a>&nbsp;a forc\u00e9 les entreprises pharmaceutiques \u00e0 abandonner leurs brevets dans les pays \u00e0 faible revenu. Les traitements y sont devenus accessibles dix ans apr\u00e8s qu&rsquo;ils aient \u00e9t\u00e9 disponibles dans les pays occidentaux. Le monde ne peut tout simplement pas se permettre d&rsquo;attendre aussi longtemps.<\/p>\n\n\n\n<p>Mais un autre exemple montre qu&rsquo;il existe une alternative : le vaccin contre la polio est arriv\u00e9 sur le march\u00e9 sans brevet et la maladie a maintenant \u00e9t\u00e9 \u00e9radiqu\u00e9e dans de nombreuses r\u00e9gions du monde.<\/p>\n\n\n\n<p>En lan\u00e7ant une initiative citoyenne europ\u00e9enne, nous rappelons \u00e0 la Commission europ\u00e9enne son engagement \u00e0 faire du futur vaccin COVID-19 un bien commun universel. Pour cela, 1 million de signatures sont n\u00e9cessaires. Cela rendrait visible la demande croissante des citoyen.nes, des expert.e.s de la sant\u00e9 et des dirigeant.e.s du monde entier selon laquelle l&rsquo;heure n&rsquo;est pas aux b\u00e9n\u00e9fices excessifs et aux contrats secrets, mais au contr\u00f4le public.<\/p>\n\n\n\n<p><em>Cette carte blanche est \u00e9galement publi\u00e9e dans <a href=\"https:\/\/www.lalibre.be\/debats\/opinions\/pas-de-profit-sur-la-pandemie-pas-de-segregation-de-la-vaccination-6005ccaf9978e227df9b9887\" target=\"_blank\" rel=\"noreferrer noopener\">La Libre Belgique<\/a> aujourd&rsquo;hui.<\/em><\/p>\n\n\n\n<p><strong>Signataires<\/strong><strong><\/strong><\/p>\n\n\n\n<ol class=\"wp-block-list\" type=\"1\"><li>Alain Willaert, coordinateur g\u00e9n\u00e9ral du Conseil bruxellois de coordination sociopolitique ASBL<\/li><li>Andr\u00e9 Kiekens, secr\u00e9taire g\u00e9n\u00e9ral WSM<\/li><li>Anne Delespaul, m\u00e9decin g\u00e9n\u00e9raliste chez Medecine pour le peuple, initiatrice Initiative Citoyenne Europ\u00e9enne \u2018Right to Cure\u2019<\/li><li>Annuschka Vandewalle, secr\u00e9taire g\u00e9n\u00e9ral FOS<\/li><li>Ariane Estenne, pr\u00e9sidente du MOC &#8211; Mouvement Ouvrier Chr\u00e9tien<\/li><li>Augustin Ntambwe, Responsable de la politique de sant\u00e9 M\u00e9decins Sans Vacances<\/li><li>Christine Mahy, secr\u00e9taire g\u00e9n\u00e9ral du R\u00e9seau Wallon de Lutte contre la Pauvret\u00e9 (RWLP)<\/li><li>Cinzia Agoni, Porte parole du GAMP &#8211; Groupe d\u2019Action qui d\u00e9nonce le Manque de Places pour les personnes handicap\u00e9es de grande d\u00e9pendance, pr\u00e9sidente d&rsquo;Inforautisme<\/li><li>Damien Favresse, Coordinateur Centre Bruxellois de Promotion de la Sant\u00e9<\/li><li>Elies Van Belle, Directrice g\u00e9n\u00e9ral Memisa<\/li><li>Emmanuel Andr\u00e9, microbiologie, Centre National de R\u00e9f\u00e9rence COVID-19<\/li><li>Els Hertogen, directeur 11.11.11<\/li><li>Els Torreele, Institute for Innovation and Public Purpose, University College London, ancien directeur du MSF Access Campaign<\/li><li>Erik Demeester, coordinateur Handen Af van Venezuela<\/li><li>Felipe Van Keirsbilck, secr\u00e9taire g\u00e9n\u00e9ral CNE<\/li><li>Fred Louckx Prof. Dr. \u00e9m\u00e9rite Vrije Universiteit Brussel<\/li><li>Freek Louckx, Professeur Droit Social Universiteit Antwerpen et Vrije Universiteit Brussel<\/li><li>Guy Tordeur, directeur R\u00e9seau Belge de lutte contre la pauvret\u00e9<\/li><li>Jan De Maeseneer, Responsable du centre de collaboration de l\u2019OMS pour la m\u00e9decine de famille et les soins de sant\u00e9 primaires, Universiteit Gent<\/li><li>Jean Hermesse, ancien vice-pr\u00e9sident Mutualit\u00e9 Chr\u00e9tienne, pr\u00e9sident-ad-interim Plate-forme d&rsquo;action Sant\u00e9 &amp; Solidarit\u00e9<\/li><li>Jean-Marie Leonard, Atelier Sant\u00e9 de Charleroi<\/li><li>Jean-Pascal Labille, secr\u00e9taire g\u00e9n\u00e9ral de Solidaris<\/li><li>Karim Zahidi, pr\u00e9sident Masereelfonds vzw<\/li><li>Koen De Maeseneir, directeur Vereniging van Wijkgezondheidscentra<\/li><li>Kristof Decoster, chercheur International Health Policy, Institute of Tropical Medicine Antwerp<\/li><li>Lieve Herijgers, Directeur Broederlijk Delen<\/li><li>Lodewijk De Witte, pr\u00e9sident Oxfam-en-Belgique<\/li><li>Lou Dierick, Consul honoraire \u00e0 Mombasa, Kenya<\/li><li>Elisabeth Degryse, vice-pr\u00e9sidente Mutualit\u00e9 Chr\u00e9tienne<\/li><li>Marc Van Ranst, diensthoofd Laboratorium Klinische en Epidemiologische Virologie KU Leuven.<\/li><li>Mario Franssen, directeur ManiFiesta<\/li><li>Mark De Soete, directeur g\u00e9n\u00e9ral OKRA Vzw<\/li><li>Marleen Temmerman, professeur \u00e9m\u00e9rite Universiteit Gent, directeur Aga Khan University \u00e0 Kenya, ancien directeur de l\u2019OMS, ancien s\u00e9nateur pour SP.A<\/li><li>Martine Bantuelle, directrice de l&rsquo;asbl Sant\u00e9, Communaut\u00e9, Participation<\/li><li>Michel Genet, directeur g\u00e9n\u00e9ral M\u00e9decins du Monde Belgique<\/li><li>Michel Roland, professeur \u00e9m\u00e9rite \u00e0 ULB de m\u00e9decine g\u00e9n\u00e9ral et de m\u00e9decine sociale<\/li><li>Michel Vanhoorne, coordinateur Forum Gauche Ecologie<\/li><li>Muriel Di Martinelli, Secr\u00e9taire f\u00e9d\u00e9rale CGSP<\/li><li>Olivier Nyssen, Secr\u00e9taire g\u00e9n\u00e9ral CGSP<\/li><li>Pierre Schoemann, coordinateur Le PROJET LAMA asbl<\/li><li>Raffaella Ravinetto, pharmacie, chercheur Institute of Tropical Medicine Antwerp, ancien pr\u00e9sident M\u00e9decine sans Fronti\u00e8res Italia<\/li><li>Reginald Moreels, chirurgien humanitaire, ancien ministre de la coop\u00e9ration au d\u00e9veloppement<\/li><li>Remco van de Pas, chercheur International Health Policy, Institute of Tropical Medicine Antwerp et Maastricht University<\/li><li>Stefaan Decock, Secr\u00e9taire g\u00e9n\u00e9ral ACV Puls<\/li><li>Werner Soors, chercheur in\u00e9galit\u00e9 et sant\u00e9 publique, Institute of Tropical Medicine Antwerp et Universiteit Antwerpen<\/li><li>Willem van de Put, chercheur International Health Policy and crisis interventions, Institute of Tropical Medicine Antwerp et Fordham University New York<\/li><li>Willy Van Den Berge, secr\u00e9taire federale ACOD LRB<\/li><li>Wim De Ceukelaire, directeur Viva Salud<\/li><li>Wim Vereeken, responsable ACV Pajottenland en Zennevallei<\/li><li>Wouter Arrazola de O\u00f1ate, M\u00e9decin et chercheur sant\u00e9 publique, adviseur COVID-19 Belgique<\/li><li>Yves Hellendorf, Secr\u00e9taire nationale CNE Non Marchand<\/li><\/ol>\n","protected":false},"excerpt":{"rendered":"<p>Samen met een grote groep Europese dokters, gezondheidsexperts, vakbonden, ziekenfondsen, studenten en ngo's steunen we het Europese burgerinitiatief om ervoor te zorgen dat de Europese Commissie haar belofte nakomt: COVID-19-vaccins moeten \u201cons gemeenschappelijk universeel goed\u201d zijn. Wil jij dit initiatief ook tekenen?<\/p>","protected":false},"author":15,"featured_media":6363,"comment_status":"closed","ping_status":"closed","sticky":false,"template":"","format":"standard","meta":{"_acf_changed":false,"_seopress_robots_primary_cat":"","_seopress_titles_title":"","_seopress_titles_desc":"Avec une large coalition de m\u00e9decins europ\u00e9ens, expert.e.s de la sant\u00e9, syndicats, mutualit\u00e9s, \u00e9tudiant.e.s et ONG, nous soutenons l\u2019initiative citoyenne europ\u00e9enne pour s\u2019assurer que la Commission europ\u00e9enne tienne sa promesse: les vaccins contre la COVID-19 doivent \u00eatre \u201cnotre bien universel commun\u201d. Signerez-vous aussi cette initiative?","_seopress_robots_index":"","footnotes":""},"categories":[230],"tags":[413,399,196],"pays":[],"class_list":["post-6367","post","type-post","status-publish","format-standard","has-post-thumbnail","hentry","category-carte-blanche","tag-brevets","tag-coronavaccin-fr","tag-covid-19-fr"],"acf":[],"_links":{"self":[{"href":"https:\/\/www.vivasalud.be\/nl\/wp-json\/wp\/v2\/posts\/6367","targetHints":{"allow":["GET"]}}],"collection":[{"href":"https:\/\/www.vivasalud.be\/nl\/wp-json\/wp\/v2\/posts"}],"about":[{"href":"https:\/\/www.vivasalud.be\/nl\/wp-json\/wp\/v2\/types\/post"}],"author":[{"embeddable":true,"href":"https:\/\/www.vivasalud.be\/nl\/wp-json\/wp\/v2\/users\/15"}],"replies":[{"embeddable":true,"href":"https:\/\/www.vivasalud.be\/nl\/wp-json\/wp\/v2\/comments?post=6367"}],"version-history":[{"count":0,"href":"https:\/\/www.vivasalud.be\/nl\/wp-json\/wp\/v2\/posts\/6367\/revisions"}],"wp:featuredmedia":[{"embeddable":true,"href":"https:\/\/www.vivasalud.be\/nl\/wp-json\/wp\/v2\/media\/6363"}],"wp:attachment":[{"href":"https:\/\/www.vivasalud.be\/nl\/wp-json\/wp\/v2\/media?parent=6367"}],"wp:term":[{"taxonomy":"category","embeddable":true,"href":"https:\/\/www.vivasalud.be\/nl\/wp-json\/wp\/v2\/categories?post=6367"},{"taxonomy":"post_tag","embeddable":true,"href":"https:\/\/www.vivasalud.be\/nl\/wp-json\/wp\/v2\/tags?post=6367"},{"taxonomy":"pays","embeddable":true,"href":"https:\/\/www.vivasalud.be\/nl\/wp-json\/wp\/v2\/pays?post=6367"}],"curies":[{"name":"wp","href":"https:\/\/api.w.org\/{rel}","templated":true}]}}