{"id":6535,"date":"2021-02-11T12:29:36","date_gmt":"2021-02-11T11:29:36","guid":{"rendered":"https:\/\/www.vivasalud.be\/kick-off-paascampagne-voor-cuba\/"},"modified":"2021-04-12T10:10:55","modified_gmt":"2021-04-12T08:10:55","slug":"start-van-de-paascampagne-voor-cuba","status":"publish","type":"post","link":"https:\/\/www.vivasalud.be\/nl\/blog\/2021\/02\/11\/kick-off-campagne-de-paques-pour-cuba\/","title":{"rendered":"Start: Paascampagne voor Cuba"},"content":{"rendered":"<p><strong>Op woensdag 24 februari beginnen we met <a href=\"https:\/\/www.vivasalud.be\/fr\/en-action\/participez-a-nos-campagnes\/campagne-de-paques-pour-cuba\/\" target=\"_blank\" rel=\"noreferrer noopener\">de jaarlijkse paascampagne<\/a> met <a href=\"https:\/\/cubanismo.be\/\" target=\"_blank\" rel=\"noreferrer noopener\">Cubanismo.be<\/a>. Dit jaar is onze campagne voor de gezondheidswerkers in Cuba. <\/strong><\/p>\n\n\n\n<p>De coronacrisis heeft laten zien hoe Cuba erin geslaagd is zijn bevolking te beschermen dankzij een goed doordacht plan waarin preventie, eerstelijnszorg en samenwerking met de bevolking centraal staan. Maar de strijd tegen het virus is niet eenvoudig voor een land met weinig middelen.<\/p>\n\n\n\n<p>Tijdens deze online kick-off laten we je de campagne voor 2021 zien en een videoboodschap van onze partner Centro Felix Varela. Je ziet ook hoe je je favoriete paaseieren kunt krijgen zonder risico's te nemen met het coronavirus.<\/p>\n\n\n\n<h2 class=\"wp-block-heading\">Praktische info<\/h2>\n\n\n\n<p>&gt; <strong>Datum<\/strong>: 24 februari 2021 om 20.00 uur<br>Je kunt je <strong>inschrijven<\/strong> <a href=\"https:\/\/us02web.zoom.us\/webinar\/register\/WN_CndbyiX5Q4iG3zHJSSCtgA?fbclid=IwAR1h1qym2DO_bucwj6d2OL-IUDBip75d0KprfGcQZAG5L1W7YnHdutL_KL0\" target=\"_blank\" rel=\"noreferrer noopener\">via deze link<\/a><br>&gt; Een <strong>simultaanvertaling<\/strong> is gepland naar het Nederlands<br>&gt; Meer info vind je op <a href=\"https:\/\/www.vivasalud.be\/fr\/en-action\/participez-a-nos-campagnes\/campagne-de-paques-pour-cuba\/\" target=\"_blank\" rel=\"noreferrer noopener\">de campagnewebsite<\/a><\/p>\n\n\n\n<div class=\"wp-block-buttons is-layout-flex wp-block-buttons-is-layout-flex\">\n<div class=\"wp-block-button\"><a class=\"wp-block-button__link\" href=\"https:\/\/us02web.zoom.us\/...\/reg...\/WN_CndbyiX5Q4iG3zHJSSCtgA\" target=\"_blank\" rel=\"noreferrer noopener\"><strong><span class=\"has-inline-color has-white-color\">&gt; <\/span>Schrijf je in<\/strong><\/a><\/div>\n<\/div>","protected":false},"excerpt":{"rendered":"<p>Op woensdag 24 februari starten we de jaarlijkse paascampagne met Cubanismo.be. Dit jaar is onze campagne voor de gezondheidswerkers in Cuba. <\/p>","protected":false},"author":15,"featured_media":6552,"comment_status":"closed","ping_status":"closed","sticky":false,"template":"","format":"standard","meta":{"_acf_changed":false,"_seopress_robots_primary_cat":"","_seopress_titles_title":"","_seopress_titles_desc":"Le mercredi 24 f\u00e9vrier, nous lan\u00e7ons la campagne annuelle de P\u00e2ques avec Cubanismo.be. Cette ann\u00e9e, notre campagne est d\u00e9di\u00e9e aux travailleurs et travailleuses de la sant\u00e9 \u00e0 Cuba.","_seopress_robots_index":"","footnotes":""},"categories":[53],"tags":[146,235,147,206,142,210],"pays":[],"class_list":["post-6535","post","type-post","status-publish","format-standard","has-post-thumbnail","hentry","category-agenda","tag-campagne-de-paques","tag-coronavirus-2-fr","tag-cuba-2-fr","tag-gezondheidszorg-fr","tag-paascampagne-fr","tag-soins-de-sante"],"acf":[],"_links":{"self":[{"href":"https:\/\/www.vivasalud.be\/nl\/wp-json\/wp\/v2\/posts\/6535","targetHints":{"allow":["GET"]}}],"collection":[{"href":"https:\/\/www.vivasalud.be\/nl\/wp-json\/wp\/v2\/posts"}],"about":[{"href":"https:\/\/www.vivasalud.be\/nl\/wp-json\/wp\/v2\/types\/post"}],"author":[{"embeddable":true,"href":"https:\/\/www.vivasalud.be\/nl\/wp-json\/wp\/v2\/users\/15"}],"replies":[{"embeddable":true,"href":"https:\/\/www.vivasalud.be\/nl\/wp-json\/wp\/v2\/comments?post=6535"}],"version-history":[{"count":0,"href":"https:\/\/www.vivasalud.be\/nl\/wp-json\/wp\/v2\/posts\/6535\/revisions"}],"wp:featuredmedia":[{"embeddable":true,"href":"https:\/\/www.vivasalud.be\/nl\/wp-json\/wp\/v2\/media\/6552"}],"wp:attachment":[{"href":"https:\/\/www.vivasalud.be\/nl\/wp-json\/wp\/v2\/media?parent=6535"}],"wp:term":[{"taxonomy":"category","embeddable":true,"href":"https:\/\/www.vivasalud.be\/nl\/wp-json\/wp\/v2\/categories?post=6535"},{"taxonomy":"post_tag","embeddable":true,"href":"https:\/\/www.vivasalud.be\/nl\/wp-json\/wp\/v2\/tags?post=6535"},{"taxonomy":"pays","embeddable":true,"href":"https:\/\/www.vivasalud.be\/nl\/wp-json\/wp\/v2\/pays?post=6535"}],"curies":[{"name":"wp","href":"https:\/\/api.w.org\/{rel}","templated":true}]}}