{"id":7122,"date":"2021-03-18T17:04:19","date_gmt":"2021-03-18T16:04:19","guid":{"rendered":"https:\/\/www.vivasalud.be\/?p=7122"},"modified":"2021-03-24T14:57:51","modified_gmt":"2021-03-24T13:57:51","slug":"webinaire-partagez-le-vaccin-pas-le-virus","status":"publish","type":"post","link":"https:\/\/www.vivasalud.be\/nl\/blog\/2021\/03\/18\/webinaire-partagez-le-vaccin-pas-le-virus\/","title":{"rendered":"31\/03 - Webinar: Apartheid van vaccins in Palestina en de rest van de wereld"},"content":{"rendered":"<p>A pr\u00e9sent que plusieurs vaccins contre le Covid 19 ont \u00e9t\u00e9 approuv\u00e9s et que les campagnes de vaccination ont commenc\u00e9 dans diff\u00e9rents pays, l\u2019espoir grandit de pouvoir bient\u00f4t mettre un terme \u00e0 cette pand\u00e9mie. Mais <strong>personne ne sera en s\u00e9curit\u00e9 tant que nous ne sommes pas toutes et tous en s\u00e9curit\u00e9. C\u2019est pourquoi il est indispensable que le vaccin soit accessible \u00e0 tous et toutes.<\/strong> Et pour y parvenir, il faut agir. Partagez le vaccin, pas le virus!<\/p>\n\n\n\n<h3 class=\"wp-block-heading\">Apartheid m\u00e9dical en Palestine<\/h3>\n\n\n\n<p>Ces derni\u00e8res semaines, Isra\u00ebl est cit\u00e9 en exemple. Nulle part ailleurs on n\u2019a vaccin\u00e9 une plus grande partie de la population. Si tout se passe comme pr\u00e9vu, d\u2019ici quelques semaines l\u2019ensemble des citoyennes et citoyens isra\u00e9liens auront re\u00e7u leur dose contre le COVID-19. Mais tandis que 750.000 colons \u00e9tablis ill\u00e9galement en Cisjordanie re\u00e7oivent leur vaccin, les Palestiniens et palestiniennes restent sur la touche. Le gouvernement isra\u00e9lien ne fait rien pour prot\u00e9ger les millions de Palestiniens et Palestiniennes qui vivent sous son occupation militaire.<\/p>\n\n\n\n<h3 class=\"wp-block-heading\">Apartheid m\u00e9dical mondial<\/h3>\n\n\n\n<p>Sur le plan mondial aussi, une forme d\u2019apartheid m\u00e9dical menace. Plus de la moiti\u00e9 des vaccins contre le COVID-19 ont \u00e9t\u00e9 distribu\u00e9s dans 10 pays riches seulement. Au m\u00eame moment, plus de 100 pays n\u2019ont encore vaccin\u00e9 aucun de leurs habitants et habitantes.<\/p>\n\n\n\n<p>Au cours de notre webinaire, nous partirons ensemble \u00e0 la recherche des obstacles qui emp\u00eachent une immunit\u00e9 mondiale rapide et nous examinerons les actions n\u00e9cessaires pour \u00e9largir l\u2019acc\u00e8s mondial aux vaccins COVID-19.<\/p>\n\n\n\n<h3 class=\"wp-block-heading\">Praktische info<\/h3>\n\n\n\n<p>&gt; <strong>Datum<\/strong>: mercredi 31 mars \u00e0 19h30<\/p>\n\n\n\n<p>&gt; <strong>Orateurs:<\/strong><\/p>\n\n\n\n<ul class=\"wp-block-list\"><li><strong>Ubai Aboudi<\/strong> du Bisan Center For Research and Development, Palestine<\/li><li><strong>Julie Steendam<\/strong>, coordinatrice de l&rsquo;initiative citoyenne europ\u00e9enne &lsquo;Pas de profit sur la pand\u00e9mie&rsquo;<\/li><\/ul>\n\n\n\n<p>&gt; <strong>Taal<\/strong>: en anglais avec traduction simultan\u00e9e en fran\u00e7ais et en n\u00e9erlandais<\/p>\n\n\n\n<div class=\"wp-block-buttons is-layout-flex wp-block-buttons-is-layout-flex\">\n<div class=\"wp-block-button\"><a class=\"wp-block-button__link\" href=\"https:\/\/us02web.zoom.us\/webinar\/register\/WN_GRzMaLSHTVqdG24-Ts8vNQ?fbclid=IwAR0gz_qCtYsr5uI4eaz-80C512Qfc5CudhfGzDQdoIrREK8Rlq9OF-gaLb4\" target=\"_blank\" rel=\"noreferrer noopener\"><strong><span class=\"has-inline-color has-white-color\">&gt; Ik wil me graag registreren<\/span><\/strong><\/a><\/div>\n<\/div>","protected":false},"excerpt":{"rendered":"<p>Le 31 mars, lors d&rsquo;un webinaire, nous partirons ensemble \u00e0 la recherche des obstacles qui emp\u00eachent une immunit\u00e9 mondiale rapide et ce que vous pouvez faire. Avec des intervenant.e.s de la Palestine et de l&rsquo;Europe.<\/p>","protected":false},"author":15,"featured_media":7321,"comment_status":"closed","ping_status":"closed","sticky":false,"template":"","format":"standard","meta":{"_acf_changed":false,"_seopress_robots_primary_cat":"","_seopress_titles_title":"","_seopress_titles_desc":"Le 31 mars, lors d&#039;un webinaire, nous partirons ensemble \u00e0 la recherche des obstacles qui emp\u00eachent une immunit\u00e9 mondiale rapide et ce que vous pouvez faire. Avec des intervenant.e.s de la Palestine et de l&#039;Europe.","_seopress_robots_index":"","footnotes":""},"categories":[53],"tags":[413,467,196,449,411,270],"pays":[119],"class_list":["post-7122","post","type-post","status-publish","format-standard","has-post-thumbnail","hentry","category-agenda","tag-brevets","tag-corona","tag-covid-19-fr","tag-no-profit-on-pandemic-fr","tag-patenten-fr","tag-vaccin-fr","pays-palestine"],"acf":[],"_links":{"self":[{"href":"https:\/\/www.vivasalud.be\/nl\/wp-json\/wp\/v2\/posts\/7122","targetHints":{"allow":["GET"]}}],"collection":[{"href":"https:\/\/www.vivasalud.be\/nl\/wp-json\/wp\/v2\/posts"}],"about":[{"href":"https:\/\/www.vivasalud.be\/nl\/wp-json\/wp\/v2\/types\/post"}],"author":[{"embeddable":true,"href":"https:\/\/www.vivasalud.be\/nl\/wp-json\/wp\/v2\/users\/15"}],"replies":[{"embeddable":true,"href":"https:\/\/www.vivasalud.be\/nl\/wp-json\/wp\/v2\/comments?post=7122"}],"version-history":[{"count":0,"href":"https:\/\/www.vivasalud.be\/nl\/wp-json\/wp\/v2\/posts\/7122\/revisions"}],"wp:featuredmedia":[{"embeddable":true,"href":"https:\/\/www.vivasalud.be\/nl\/wp-json\/wp\/v2\/media\/7321"}],"wp:attachment":[{"href":"https:\/\/www.vivasalud.be\/nl\/wp-json\/wp\/v2\/media?parent=7122"}],"wp:term":[{"taxonomy":"category","embeddable":true,"href":"https:\/\/www.vivasalud.be\/nl\/wp-json\/wp\/v2\/categories?post=7122"},{"taxonomy":"post_tag","embeddable":true,"href":"https:\/\/www.vivasalud.be\/nl\/wp-json\/wp\/v2\/tags?post=7122"},{"taxonomy":"pays","embeddable":true,"href":"https:\/\/www.vivasalud.be\/nl\/wp-json\/wp\/v2\/pays?post=7122"}],"curies":[{"name":"wp","href":"https:\/\/api.w.org\/{rel}","templated":true}]}}