{"id":7275,"date":"2021-03-23T17:12:21","date_gmt":"2021-03-23T16:12:21","guid":{"rendered":"https:\/\/www.vivasalud.be\/7-april-voer-mee-actie-voor-het-recht-op-gezondheid\/"},"modified":"2021-03-25T15:48:57","modified_gmt":"2021-03-25T14:48:57","slug":"7-april-doe-mee-aan-acties-voor-het-recht-op-gezondheid","status":"publish","type":"post","link":"https:\/\/www.vivasalud.be\/nl\/blog\/2021\/03\/23\/7-avril-participez-aux-actions-pour-le-droit-a-la-sante\/","title":{"rendered":"07\/04: Doe mee aan acties voor het recht op gezondheid!"},"content":{"rendered":"<p><strong>Woensdag 7 april is de Internationale Dag van de Gezondheid. We plannen acties tegen de privatisering en commercialisering van onze gezondheidszorg.<\/strong><\/p>\n\n\n\n<p>De acties van dit jaar staan in het teken van het Europese burgerinitiatief \u00abgeen winst op de pandemie\u00bb. Het doel van dit initiatief is om 1 miljoen handtekeningen te verzamelen om er bij de Europese Commissie op aan te dringen om van het coronavaccin een publiek goed te maken.<\/p>\n\n\n\n<h2 class=\"wp-block-heading\">Doe mee<\/h2>\n\n\n\n<p><strong>Online<\/strong> Hang een wit vel of wit papier voor je raam met de slogan \u00abdeel het vaccin, niet het virus\u00bb, maak er een foto van en post deze op je sociale netwerken. Gebruik de hashtags #health4all, #noprofitonpandemic en #Right2Cure.<\/p>\n\n\n\n<p>Voeg je foto toe aan <a href=\"https:\/\/www.google.com\/maps\/d\/u\/0\/edit?mid=1v0YfB-5_XK9w6U4enPtBu2CPzS1TtkYr&amp;ll=50.851244581460605%2C4.391404322128447&amp;z=13\" target=\"_blank\" rel=\"noreferrer noopener\">deze interactieve kaart<\/a>.<br><br>Stap 1: Klik op de pin om een marker toe te voegen (zie afbeelding)<br>Stap 2: Klik op je exacte locatie op de kaart.<br>Stap 3: Voeg een titel en je foto toe in het venster dat wordt geopend.<br>Stap 4: Klik op \u00abOpslaan\u00bb.<\/p>\n\n\n\n<p><strong>Offline<\/strong> We verzamelen voor het Europees Parlement tussen 12 en 13 uur. Wil je meedoen? Stuur dan een e-mail naar <a href=\"mailto:marilyse@vivasalud.be\">marilyse@vivasalud.be<\/a>. Vanwege coronamaatregelen is registratie vooraf verplicht. Je kunt de actie ook live volgen op onze sociale netwerken!<\/p>","protected":false},"excerpt":{"rendered":"<p>Woensdag 7 april is de Internationale Dag van de Gezondheid. We plannen acties tegen de privatisering en commercialisering van onze gezondheidszorg.<\/p>","protected":false},"author":15,"featured_media":7301,"comment_status":"closed","ping_status":"closed","sticky":false,"template":"","format":"standard","meta":{"_acf_changed":false,"_seopress_robots_primary_cat":"","_seopress_titles_title":"","_seopress_titles_desc":"Le mercredi 7 avril c&#039;est la journ\u00e9e internationale de la sant\u00e9. Nous pr\u00e9voyons des actions contre la privatisation et la commercialisation de nos soins de sant\u00e9.","_seopress_robots_index":"","footnotes":""},"categories":[237],"tags":[475,214,235,479,481,477,478],"pays":[119],"class_list":["post-7275","post","type-post","status-publish","format-standard","has-post-thumbnail","hentry","category-action","tag-7-april","tag-coronapandemie-fr","tag-coronavirus-2-fr","tag-journee-internationale-de-la-sante","tag-privatisations","tag-privatisering-fr","tag-wereldgezondheidsdag-fr","pays-palestine"],"acf":[],"_links":{"self":[{"href":"https:\/\/www.vivasalud.be\/nl\/wp-json\/wp\/v2\/posts\/7275","targetHints":{"allow":["GET"]}}],"collection":[{"href":"https:\/\/www.vivasalud.be\/nl\/wp-json\/wp\/v2\/posts"}],"about":[{"href":"https:\/\/www.vivasalud.be\/nl\/wp-json\/wp\/v2\/types\/post"}],"author":[{"embeddable":true,"href":"https:\/\/www.vivasalud.be\/nl\/wp-json\/wp\/v2\/users\/15"}],"replies":[{"embeddable":true,"href":"https:\/\/www.vivasalud.be\/nl\/wp-json\/wp\/v2\/comments?post=7275"}],"version-history":[{"count":0,"href":"https:\/\/www.vivasalud.be\/nl\/wp-json\/wp\/v2\/posts\/7275\/revisions"}],"wp:featuredmedia":[{"embeddable":true,"href":"https:\/\/www.vivasalud.be\/nl\/wp-json\/wp\/v2\/media\/7301"}],"wp:attachment":[{"href":"https:\/\/www.vivasalud.be\/nl\/wp-json\/wp\/v2\/media?parent=7275"}],"wp:term":[{"taxonomy":"category","embeddable":true,"href":"https:\/\/www.vivasalud.be\/nl\/wp-json\/wp\/v2\/categories?post=7275"},{"taxonomy":"post_tag","embeddable":true,"href":"https:\/\/www.vivasalud.be\/nl\/wp-json\/wp\/v2\/tags?post=7275"},{"taxonomy":"pays","embeddable":true,"href":"https:\/\/www.vivasalud.be\/nl\/wp-json\/wp\/v2\/pays?post=7275"}],"curies":[{"name":"wp","href":"https:\/\/api.w.org\/{rel}","templated":true}]}}