{"id":9410,"date":"2021-10-28T10:53:44","date_gmt":"2021-10-28T08:53:44","guid":{"rendered":"https:\/\/www.vivasalud.be\/?p=9410"},"modified":"2021-10-28T10:53:46","modified_gmt":"2021-10-28T08:53:46","slug":"stop-met-het-criminaliseren-van-palestijnse-organisaties","status":"publish","type":"post","link":"https:\/\/www.vivasalud.be\/nl\/blog\/2021\/10\/28\/stop-criminalisation-des-organisations-palestiniennes\/","title":{"rendered":"Isra\u00ebl: stop met het criminaliseren van Palestijnse mensenrechtenorganisaties"},"content":{"rendered":"<p><strong>Op vrijdag 22 oktober heeft de Isra\u00eblische regering aangekondigd zes Palestijnse mensenrechtenorganisaties, waaronder directe partners van Belgische ngo's, als \u00abterroristen\u00bb te bestempelen. Wij, de Belgische organisaties die deze verklaring ondertekenen, vinden het echt niet ok\u00e9 dat Palestijnse mensenrechtenorganisaties zo worden bestempeld en laten nog eens weten dat we achter de Palestijnse maatschappelijke organisaties staan. We vragen Belgi\u00eb en de Europese Unie om van Isra\u00ebl te eisen dat ze deze maatregel meteen terugdraait.<\/strong><\/p>\n\n\n\n<p>Vrijdag heeft de Isra\u00eblische minister van Defensie Benny Gantz een militair decreet uitgegeven waarin zes Palestijnse organisaties als \u2019terroristische organisaties\u00ab worden bestempeld: Addameer, Al Haq, Defense for Children International \u2013 Palestine, Union of Agricultural Work Committees, Bisan Center for Research and Development en Union of Palestinian Women Committees. Al deze organisaties staan bekend als verdedigers van de rechten van de Palestijnen. Wij, de Belgische maatschappelijke organisaties die deze verklaring ondertekenen, werken regelmatig met hen samen en hebben het volste vertrouwen in hen.<\/p>\n\n\n\n<h2 class=\"wp-block-heading\"><strong>Bewijzen\u00ab&nbsp;<\/strong><strong>heel vaag of niet relevant <\/strong><strong>\u00bb<\/strong><\/h2>\n\n\n\n<p>De meeste van deze organisaties zijn al eens het doelwit geweest van lastercampagnes door de Isra\u00eblische regering (zie het rapport \u00ab&nbsp;<a href=\"https:\/\/www.cncd.be\/Israel-Palestine-Occupation-shrinking-space-report-2020\" target=\"_blank\" rel=\"noreferrer noopener\">Bezetting en krimpende ruimte&nbsp;<\/a>\u00bb, januari 2020), maar de maatregel van vrijdag is een extra en heel zorgwekkende stap. Het is een ongekende escalatie in de lastercampagne die al jaren wordt gevoerd om kritiek op de schendingen van de mensenrechten door Isra\u00ebl strafbaar te stellen. Isra\u00ebl wil niet alleen de 'maatschappelijke ruimte\u00bb van lokale maatschappelijke organisaties verkleinen, maar ze helemaal kapotmaken.<\/p>\n\n\n\n<p>De VN is niet mals over het Isra\u00eblische \u00abbewijs\u00bb en noemt de beschuldigingen \u00absuper vaag of niet relevant\u00bb. De EU zegt dat soortgelijke beschuldigingen in het verleden \u00abongegrond\u00bb bleken te zijn. Ook de VN-rapporteur voor de situatie van mensenrechtenverdedigers en de VN-rapporteur voor vrijheid van vereniging hebben scherpe kritiek op het optreden van Isra\u00ebl.<\/p>\n\n\n\n<p>Toen ze vroegen naar het bewijs tegen de zes Palestijnse ngo's, zei de Isra\u00eblische regering dat het geheim en vertrouwelijk was.<\/p>\n\n\n\n<h2 class=\"wp-block-heading\"><strong>Ernstige gevolgen<\/strong><\/h2>\n\n\n\n<p>Door ze als \u00abterroristen\u00bb te bestempelen, kan de Isra\u00eblische regering allerlei strenge maatregelen nemen (kantoren sluiten, spullen in beslag nemen en hun personeel en leden arresteren), wat niet alleen het werk van deze organisaties in gevaar kan brengen, maar ook de veiligheid van hun werknemers en leden. Bovendien kan elke financi\u00eble en politieke steun aan deze organisaties door de Isra\u00eblische regering worden beschouwd als steun aan terrorisme. Dit kan dan gevolgen hebben voor hun samenwerking met Belgische en Europese organisaties, en voor de ontwikkelingssamenwerking in de Palestijnse gebieden in het algemeen.<\/p>\n\n\n\n<p>Sinds de gebeurtenissen van afgelopen mei in Palestina en Isra\u00ebl is de onderdrukking van Palestijnse mensenrechtenorganisaties door Isra\u00ebl alleen maar erger geworden. <a href=\"https:\/\/www.vivasalud.be\/fr\/les-attaques-israeliennes-contre-la-societe-civile-palestinienne-doivent-cesser\/\">We hebben al gezegd dat we het niet eens zijn met de arrestatie van Shatha Odeh.<\/a>, de directeur van de organisatie Health Work Committee en voorzitter van het Palestijnse NGO-netwerk (PNGO), die sinds 7 juli door Isra\u00ebl wordt vastgehouden.<\/p>\n\n\n\n<p>Nu het apartheidsregime van Isra\u00ebl tegen het Palestijnse volk steeds meer wordt erkend en aan de kaak gesteld, en nu de Palestijnse Autoriteit een ongekende autoritaire afglijding doormaakt, is de rol van het Palestijnse maatschappelijk middenveld als laatste verdedigingslinie tegen de schending van de mensenrechten van de Palestijnen superbelangrijk.<\/p>\n\n\n\n<p>De internationale mensenrechtengemeenschap is het er helemaal over eens dat wat Isra\u00ebl heeft gedaan niet ok\u00e9 is. Zoals de Isra\u00eblische mensenrechtenorganisatie B'tselem zegt, is het gelijkstellen van mensenrechtenorganisaties met terrorisme \u00abiets wat je vaak ziet bij totalitaire regimes\u00bb. Je zou toch meer verwachten van de zelfbenoemde \u00abenige democratie in het Midden-Oosten\u00bb.<\/p>\n\n\n\n<h2 class=\"wp-block-heading\"><strong>Noodzaak van Europese actie<\/strong><\/h2>\n\n\n\n<p>In een gezamenlijke verklaring hebben de mensenrechtenorganisaties Human Rights Watch en Amnesty International terecht opgemerkt dat \u00abde manier waarop de internationale gemeenschap zal reageren, een echte test zal zijn voor haar vastberadenheid om mensenrechtenverdedigers te beschermen\u00bb. De Belgische maatschappelijke organisaties die deze verklaring ondertekenen, steunen de oproep van het Palestijnse maatschappelijk middenveld, zoals verwoord in <a href=\"https:\/\/www.alhaq.org\/advocacy\/19006.html\" target=\"_blank\" rel=\"noreferrer noopener\">een gezamenlijk persbericht<\/a> van de Raad van Palestijnse Mensenrechtenorganisaties (PHROC) en het Palestijnse NGO-netwerk (PNGO). Ze vinden de beslissing van de Isra\u00eblische regering echt niet ok\u00e9 en vragen de Belgische regering en de Europese Unie om:<\/p>\n\n\n\n<ul class=\"wp-block-list\"><li>Van de Isra\u00eblische regering eisen dat ze de zes organisaties meteen niet meer als \u2019terroristische organisaties\u00ab bestempelt; ;<\/li><li>Van de Isra\u00eblische regering eisen dat ze stopt met het criminaliseren en belasteren van Palestijnse maatschappelijke organisaties;<\/li><li>Meteen alle nodige stappen nemen om de veiligheid van de werknemers van de betrokken organisaties actief te bewaken en te beschermen;<\/li><li>Het belangrijke werk van Palestijnse maatschappelijke organisaties politiek en financieel blijven steunen.<\/li><\/ul>\n\n\n\n<h2 class=\"wp-block-heading\"><strong>Ondertekenaars<\/strong><\/h2>\n\n\n\n<p>11.11.11, Acties in het Middellandse Zeegebied, Belgisch-Palestijnse Vereniging, Broederlijk Delen, Algemene Centrale-ABVV, Nationale Centrale van Bedienden, CNCD-11.11.11, De-Colonizer, Defence for Children International \u2013 Belgi\u00eb, Een Andere Joodse Stem, Mouvement Ouvrier Chr\u00e9tien, Palestina Solidariteit, Pax Christi Vlaanderen, SolSoc, Union des Progressistes Juifs de Belgique, Viva Salud, Vrede vzw<\/p>","protected":false},"excerpt":{"rendered":"<p>Op vrijdag 22 oktober heeft de Isra\u00eblische regering gezegd dat ze zes Palestijnse mensenrechtenorganisaties als \u00abterroristisch\u00bb bestempelt, waaronder een paar directe partners van Belgische ngo's. We vragen Belgi\u00eb en de Europese Unie om van Isra\u00ebl te eisen dat ze deze maatregel meteen terugdraait.<\/p>","protected":false},"author":15,"featured_media":9418,"comment_status":"closed","ping_status":"closed","sticky":false,"template":"","format":"standard","meta":{"_acf_changed":false,"_seopress_robots_primary_cat":"","_seopress_titles_title":"","_seopress_titles_desc":"Six organisations palestiniennes de d\u00e9fense des droits humains qualifi\u00e9es de terroristes par Isra\u00ebl. Nous condamnons cette criminalisation.","_seopress_robots_index":"","footnotes":""},"categories":[896,230],"tags":[638,176,565,370,637],"pays":[119],"class_list":["post-9410","post","type-post","status-publish","format-standard","has-post-thumbnail","hentry","category-actualites","category-carte-blanche","tag-bisan","tag-droits-humains","tag-hwc-fr","tag-israel","tag-uawc","pays-palestine"],"acf":[],"_links":{"self":[{"href":"https:\/\/www.vivasalud.be\/nl\/wp-json\/wp\/v2\/posts\/9410","targetHints":{"allow":["GET"]}}],"collection":[{"href":"https:\/\/www.vivasalud.be\/nl\/wp-json\/wp\/v2\/posts"}],"about":[{"href":"https:\/\/www.vivasalud.be\/nl\/wp-json\/wp\/v2\/types\/post"}],"author":[{"embeddable":true,"href":"https:\/\/www.vivasalud.be\/nl\/wp-json\/wp\/v2\/users\/15"}],"replies":[{"embeddable":true,"href":"https:\/\/www.vivasalud.be\/nl\/wp-json\/wp\/v2\/comments?post=9410"}],"version-history":[{"count":0,"href":"https:\/\/www.vivasalud.be\/nl\/wp-json\/wp\/v2\/posts\/9410\/revisions"}],"wp:featuredmedia":[{"embeddable":true,"href":"https:\/\/www.vivasalud.be\/nl\/wp-json\/wp\/v2\/media\/9418"}],"wp:attachment":[{"href":"https:\/\/www.vivasalud.be\/nl\/wp-json\/wp\/v2\/media?parent=9410"}],"wp:term":[{"taxonomy":"category","embeddable":true,"href":"https:\/\/www.vivasalud.be\/nl\/wp-json\/wp\/v2\/categories?post=9410"},{"taxonomy":"post_tag","embeddable":true,"href":"https:\/\/www.vivasalud.be\/nl\/wp-json\/wp\/v2\/tags?post=9410"},{"taxonomy":"pays","embeddable":true,"href":"https:\/\/www.vivasalud.be\/nl\/wp-json\/wp\/v2\/pays?post=9410"}],"curies":[{"name":"wp","href":"https:\/\/api.w.org\/{rel}","templated":true}]}}